{"id":23417,"date":"2024-06-11T21:11:30","date_gmt":"2024-06-12T00:11:30","guid":{"rendered":"https:\/\/radiostudiow.com.br\/site\/?p=23417"},"modified":"2025-01-31T14:59:16","modified_gmt":"2025-01-31T17:59:16","slug":"policiais-ambientais-flagram-destruicao-de-vegetacao-nativa-e-especie-ameacada-em-propriedade-rural-de-mallet","status":"publish","type":"post","link":"https:\/\/radiostudiow.com.br\/site\/2024\/06\/11\/policiais-ambientais-flagram-destruicao-de-vegetacao-nativa-e-especie-ameacada-em-propriedade-rural-de-mallet\/","title":{"rendered":"Policiais Ambientais Flagram Destrui\u00e7\u00e3o de Vegeta\u00e7\u00e3o Nativa e Esp\u00e9cie Amea\u00e7ada em Propriedade Rural de Mallet"},"content":{"rendered":"\n<p>Policiais ambientais flagraram, no \u00faltimo s\u00e1bado (8 de junho), a destrui\u00e7\u00e3o de 27,2 hectares de vegeta\u00e7\u00e3o nativa em uma propriedade rural localizada na Col\u00f4nia D\u00falcio, munic\u00edpio de Mallet.<\/p>\n\n\n\n<p>A a\u00e7\u00e3o ilegal resultou no dano significativo a uma esp\u00e9cie de planta amea\u00e7ada de extin\u00e7\u00e3o, o xaxim.<\/p>\n\n\n\n<figure class=\"wp-block-image size-full\"><img decoding=\"async\" src=\"https:\/\/radiostudiow.com.br\/site\/wp-content\/uploads\/2024\/04\/image-47.png\" alt=\"\" class=\"wp-image-21404\"\/><\/figure>\n\n\n\n<p>Durante a opera\u00e7\u00e3o, as autoridades constataram que o propriet\u00e1rio da \u00e1rea n\u00e3o possu\u00eda a necess\u00e1ria autoriza\u00e7\u00e3o ambiental para realizar a supress\u00e3o da vegeta\u00e7\u00e3o. Em decorr\u00eancia da viola\u00e7\u00e3o das leis ambientais, o propriet\u00e1rio foi preso em flagrante. Ele tamb\u00e9m foi autuado com uma multa no valor de R$ 259.500,00 e a \u00e1rea foi imediatamente embargada para evitar danos ambientais adicionais.<\/p>\n\n\n\n<p>Al\u00e9m das medidas punitivas, os policiais ambientais apreenderam uma escavadeira hidr\u00e1ulica e um caminh\u00e3o, que estavam sendo utilizados no ato de destrui\u00e7\u00e3o da vegeta\u00e7\u00e3o. Esses equipamentos foram fundamentais para a realiza\u00e7\u00e3o do dano ambiental e, agora, ser\u00e3o utilizados como evid\u00eancia no processo contra o propriet\u00e1rio.<\/p>\n\n\n\n<p>O xaxim, uma das esp\u00e9cies mais afetadas pela a\u00e7\u00e3o ilegal, \u00e9 considerado crucial para o equil\u00edbrio ecol\u00f3gico da regi\u00e3o. Sua destrui\u00e7\u00e3o representa uma perda significativa para a biodiversidade local, al\u00e9m de violar normas de prote\u00e7\u00e3o de esp\u00e9cies amea\u00e7adas.<\/p>\n\n\n\n<figure class=\"wp-block-image size-full\"><img loading=\"lazy\" decoding=\"async\" width=\"897\" height=\"204\" src=\"https:\/\/radiostudiow.com.br\/site\/wp-content\/uploads\/2024\/04\/image-38.png\" alt=\"\" class=\"wp-image-21308\" srcset=\"https:\/\/radiostudiow.com.br\/site\/wp-content\/uploads\/2024\/04\/image-38.png 897w, https:\/\/radiostudiow.com.br\/site\/wp-content\/uploads\/2024\/04\/image-38-300x68.png 300w, https:\/\/radiostudiow.com.br\/site\/wp-content\/uploads\/2024\/04\/image-38-768x175.png 768w\" sizes=\"auto, (max-width: 897px) 100vw, 897px\" \/><\/figure>\n\n\n\n<p>Esta a\u00e7\u00e3o serve como um alerta para outros propriet\u00e1rios rurais sobre a import\u00e2ncia de cumprir as normas ambientais e buscar as autoriza\u00e7\u00f5es necess\u00e1rias para qualquer interven\u00e7\u00e3o na vegeta\u00e7\u00e3o nativa. A Pol\u00edcia Militar do Paran\u00e1 continuar\u00e1 vigilante e atuante para coibir crimes ambientais e proteger o patrim\u00f4nio natural do estado.<\/p>\n\n\n\n<p>A opera\u00e7\u00e3o realizada em Mallet demonstra a efic\u00e1cia das a\u00e7\u00f5es de fiscaliza\u00e7\u00e3o ambiental e a import\u00e2ncia da atua\u00e7\u00e3o conjunta entre a comunidade e as autoridades para a preserva\u00e7\u00e3o do meio ambiente. O flagrante e a consequente pris\u00e3o do propriet\u00e1rio servem como um exemplo de que a destrui\u00e7\u00e3o do patrim\u00f4nio natural n\u00e3o ficar\u00e1 impune.<\/p>\n\n\n\n<figure class=\"wp-block-image size-full\"><img decoding=\"async\" src=\"https:\/\/radiostudiow.com.br\/site\/wp-content\/uploads\/2024\/04\/SITE-MEDIO.png\" alt=\"\" class=\"wp-image-21854\"\/><\/figure>\n\n\n\n<figure class=\"wp-block-gallery has-nested-images columns-default is-cropped wp-block-gallery-1 is-layout-flex wp-block-gallery-is-layout-flex\">\n<figure class=\"wp-block-image size-large\"><img loading=\"lazy\" decoding=\"async\" width=\"1024\" height=\"737\" data-id=\"23420\" src=\"https:\/\/radiostudiow.com.br\/site\/wp-content\/uploads\/2024\/06\/03-3-1024x737.jpeg\" alt=\"\" class=\"wp-image-23420\" srcset=\"https:\/\/radiostudiow.com.br\/site\/wp-content\/uploads\/2024\/06\/03-3-1024x737.jpeg 1024w, https:\/\/radiostudiow.com.br\/site\/wp-content\/uploads\/2024\/06\/03-3-300x216.jpeg 300w, https:\/\/radiostudiow.com.br\/site\/wp-content\/uploads\/2024\/06\/03-3-768x553.jpeg 768w, https:\/\/radiostudiow.com.br\/site\/wp-content\/uploads\/2024\/06\/03-3.jpeg 1280w\" sizes=\"auto, (max-width: 1024px) 100vw, 1024px\" \/><\/figure>\n\n\n\n<figure class=\"wp-block-image size-large\"><img loading=\"lazy\" decoding=\"async\" width=\"1024\" height=\"737\" data-id=\"23419\" src=\"https:\/\/radiostudiow.com.br\/site\/wp-content\/uploads\/2024\/06\/04-2-1024x737.jpeg\" alt=\"\" class=\"wp-image-23419\" srcset=\"https:\/\/radiostudiow.com.br\/site\/wp-content\/uploads\/2024\/06\/04-2-1024x737.jpeg 1024w, https:\/\/radiostudiow.com.br\/site\/wp-content\/uploads\/2024\/06\/04-2-300x216.jpeg 300w, https:\/\/radiostudiow.com.br\/site\/wp-content\/uploads\/2024\/06\/04-2-768x553.jpeg 768w, https:\/\/radiostudiow.com.br\/site\/wp-content\/uploads\/2024\/06\/04-2.jpeg 1280w\" sizes=\"auto, (max-width: 1024px) 100vw, 1024px\" \/><\/figure>\n<\/figure>\n\n\n\n<figure class=\"wp-block-gallery has-nested-images columns-default is-cropped wp-block-gallery-2 is-layout-flex wp-block-gallery-is-layout-flex\">\n<figure class=\"wp-block-image size-large\"><img loading=\"lazy\" decoding=\"async\" width=\"1024\" height=\"737\" data-id=\"23421\" src=\"https:\/\/radiostudiow.com.br\/site\/wp-content\/uploads\/2024\/06\/06-1024x737.jpeg\" alt=\"\" class=\"wp-image-23421\" srcset=\"https:\/\/radiostudiow.com.br\/site\/wp-content\/uploads\/2024\/06\/06-1024x737.jpeg 1024w, https:\/\/radiostudiow.com.br\/site\/wp-content\/uploads\/2024\/06\/06-300x216.jpeg 300w, https:\/\/radiostudiow.com.br\/site\/wp-content\/uploads\/2024\/06\/06-768x553.jpeg 768w, https:\/\/radiostudiow.com.br\/site\/wp-content\/uploads\/2024\/06\/06.jpeg 1280w\" sizes=\"auto, (max-width: 1024px) 100vw, 1024px\" \/><\/figure>\n\n\n\n<figure class=\"wp-block-image size-large\"><img decoding=\"async\" data-id=\"23422\" src=\"https:\/\/radiostudiow.com.br\/site\/wp-content\/uploads\/2024\/06\/07-1-1024x737.jpeg\" alt=\"\" class=\"wp-image-23422\"\/><\/figure>\n<\/figure>\n","protected":false},"excerpt":{"rendered":"<p>Policiais ambientais flagraram, no \u00faltimo s\u00e1bado (8 de junho), a destrui\u00e7\u00e3o de 27,2 hectares de vegeta\u00e7\u00e3o nativa em uma propriedade rural localizada na Col\u00f4nia D\u00falcio, munic\u00edpio de Mallet. A a\u00e7\u00e3o ilegal resultou no dano significativo a uma esp\u00e9cie de planta amea\u00e7ada de extin\u00e7\u00e3o, o xaxim. Durante a opera\u00e7\u00e3o, as autoridades constataram que o propriet\u00e1rio da [&hellip;]<\/p>\n","protected":false},"author":2,"featured_media":23423,"comment_status":"open","ping_status":"open","sticky":false,"template":"","format":"standard","meta":{"footnotes":""},"categories":[2],"tags":[172],"class_list":["post-23417","post","type-post","status-publish","format-standard","has-post-thumbnail","hentry","category-policial","tag-featured"],"amp_enabled":true,"_links":{"self":[{"href":"https:\/\/radiostudiow.com.br\/site\/wp-json\/wp\/v2\/posts\/23417","targetHints":{"allow":["GET"]}}],"collection":[{"href":"https:\/\/radiostudiow.com.br\/site\/wp-json\/wp\/v2\/posts"}],"about":[{"href":"https:\/\/radiostudiow.com.br\/site\/wp-json\/wp\/v2\/types\/post"}],"author":[{"embeddable":true,"href":"https:\/\/radiostudiow.com.br\/site\/wp-json\/wp\/v2\/users\/2"}],"replies":[{"embeddable":true,"href":"https:\/\/radiostudiow.com.br\/site\/wp-json\/wp\/v2\/comments?post=23417"}],"version-history":[{"count":1,"href":"https:\/\/radiostudiow.com.br\/site\/wp-json\/wp\/v2\/posts\/23417\/revisions"}],"predecessor-version":[{"id":23424,"href":"https:\/\/radiostudiow.com.br\/site\/wp-json\/wp\/v2\/posts\/23417\/revisions\/23424"}],"wp:featuredmedia":[{"embeddable":true,"href":"https:\/\/radiostudiow.com.br\/site\/wp-json\/wp\/v2\/media\/23423"}],"wp:attachment":[{"href":"https:\/\/radiostudiow.com.br\/site\/wp-json\/wp\/v2\/media?parent=23417"}],"wp:term":[{"taxonomy":"category","embeddable":true,"href":"https:\/\/radiostudiow.com.br\/site\/wp-json\/wp\/v2\/categories?post=23417"},{"taxonomy":"post_tag","embeddable":true,"href":"https:\/\/radiostudiow.com.br\/site\/wp-json\/wp\/v2\/tags?post=23417"}],"curies":[{"name":"wp","href":"https:\/\/api.w.org\/{rel}","templated":true}]}}