{"id":23427,"date":"2024-06-12T09:25:56","date_gmt":"2024-06-12T12:25:56","guid":{"rendered":"https:\/\/radiostudiow.com.br\/site\/?p=23427"},"modified":"2025-01-31T14:59:16","modified_gmt":"2025-01-31T17:59:16","slug":"colisao-frontal-entre-carro-e-caminhao-deixa-duas-pessoas-em-estado-grave-na-rodovia-do-xisto","status":"publish","type":"post","link":"https:\/\/radiostudiow.com.br\/site\/2024\/06\/12\/colisao-frontal-entre-carro-e-caminhao-deixa-duas-pessoas-em-estado-grave-na-rodovia-do-xisto\/","title":{"rendered":"Colis\u00e3o frontal entre carro e caminh\u00e3o deixa duas pessoas em estado grave na Rodovia do Xisto"},"content":{"rendered":"\n<p>Um acidente envolvendo um caminh\u00e3o e um carro deixou duas pessoas em estado grave, na manh\u00e3 desta ter\u00e7a-feira (11), na Rodovia do Xisto, BR-476, no munic\u00edpio da Lapa. Uma outra pessoa tamb\u00e9m se feriu, mas de forma leve.<\/p>\n\n\n\n<figure class=\"wp-block-image size-full\"><img decoding=\"async\" src=\"https:\/\/radiostudiow.com.br\/site\/wp-content\/uploads\/2024\/04\/image-42.png\" alt=\"\" class=\"wp-image-21334\"\/><\/figure>\n\n\n\n<p>De acordo com informa\u00e7\u00f5es da Pol\u00edcia Rodovi\u00e1ria Federal, trata-se de uma colis\u00e3o frontal no quil\u00f4metro 212 da rodovia. Informa\u00e7\u00f5es preliminares apontam que o acidente aconteceu por conta de uma ultrapassagem em local proibido (faixa cont\u00ednua).<\/p>\n\n\n\n<p>Equipes da PRF, do N\u00facleo de Opera\u00e7\u00f5es A\u00e9reas e a equipe da unidade operacional de Arauc\u00e1ria, est\u00e3o em atendimento no local.<\/p>\n\n\n\n<p>Um helic\u00f3ptero do BPMOA (Batalh\u00e3o de Pol\u00edcia Militar de Opera\u00e7\u00f5es A\u00e9reas) tamb\u00e9m foi acionado e atendeu uma das v\u00edtimas, que estava no interior de um dos ve\u00edculos, um homem de 59 anos. Ele foi estabilizado e encaminhado pela aeronave at\u00e9 o Hospital Cajuru.<\/p>\n\n\n\n<p>\u00c0s 14h, a informa\u00e7\u00e3o da PRF era de que a faixa sentindo crescente estava liberada e que no sentido oposto estava fluindo pelo acostamento. As equipes aguardavam guinchos para a remo\u00e7\u00e3o dos ve\u00edculos.<\/p>\n\n\n\n<figure class=\"wp-block-image size-large\"><img loading=\"lazy\" decoding=\"async\" width=\"1024\" height=\"315\" src=\"https:\/\/radiostudiow.com.br\/site\/wp-content\/uploads\/2024\/05\/86471-banner-site-1950x600-1-1024x315.png\" alt=\"\" class=\"wp-image-23086\" srcset=\"https:\/\/radiostudiow.com.br\/site\/wp-content\/uploads\/2024\/05\/86471-banner-site-1950x600-1-1024x315.png 1024w, https:\/\/radiostudiow.com.br\/site\/wp-content\/uploads\/2024\/05\/86471-banner-site-1950x600-1-300x92.png 300w, https:\/\/radiostudiow.com.br\/site\/wp-content\/uploads\/2024\/05\/86471-banner-site-1950x600-1-768x236.png 768w, https:\/\/radiostudiow.com.br\/site\/wp-content\/uploads\/2024\/05\/86471-banner-site-1950x600-1-1536x473.png 1536w, https:\/\/radiostudiow.com.br\/site\/wp-content\/uploads\/2024\/05\/86471-banner-site-1950x600-1.png 1950w\" sizes=\"auto, (max-width: 1024px) 100vw, 1024px\" \/><\/figure>\n\n\n\n<figure class=\"wp-block-video\"><video controls src=\"https:\/\/radiostudiow.com.br\/site\/wp-content\/uploads\/2024\/06\/WhatsApp-Video-2024-06-11-at-13.56.30.mp4\"><\/video><\/figure>\n","protected":false},"excerpt":{"rendered":"<p>Um acidente envolvendo um caminh\u00e3o e um carro deixou duas pessoas em estado grave, na manh\u00e3 desta ter\u00e7a-feira (11), na Rodovia do Xisto, BR-476, no munic\u00edpio da Lapa. Uma outra pessoa tamb\u00e9m se feriu, mas de forma leve. De acordo com informa\u00e7\u00f5es da Pol\u00edcia Rodovi\u00e1ria Federal, trata-se de uma colis\u00e3o frontal no quil\u00f4metro 212 da [&hellip;]<\/p>\n","protected":false},"author":2,"featured_media":23429,"comment_status":"open","ping_status":"open","sticky":false,"template":"","format":"standard","meta":{"footnotes":""},"categories":[185],"tags":[172],"class_list":["post-23427","post","type-post","status-publish","format-standard","has-post-thumbnail","hentry","category-regional","tag-featured"],"amp_enabled":true,"_links":{"self":[{"href":"https:\/\/radiostudiow.com.br\/site\/wp-json\/wp\/v2\/posts\/23427","targetHints":{"allow":["GET"]}}],"collection":[{"href":"https:\/\/radiostudiow.com.br\/site\/wp-json\/wp\/v2\/posts"}],"about":[{"href":"https:\/\/radiostudiow.com.br\/site\/wp-json\/wp\/v2\/types\/post"}],"author":[{"embeddable":true,"href":"https:\/\/radiostudiow.com.br\/site\/wp-json\/wp\/v2\/users\/2"}],"replies":[{"embeddable":true,"href":"https:\/\/radiostudiow.com.br\/site\/wp-json\/wp\/v2\/comments?post=23427"}],"version-history":[{"count":1,"href":"https:\/\/radiostudiow.com.br\/site\/wp-json\/wp\/v2\/posts\/23427\/revisions"}],"predecessor-version":[{"id":23430,"href":"https:\/\/radiostudiow.com.br\/site\/wp-json\/wp\/v2\/posts\/23427\/revisions\/23430"}],"wp:featuredmedia":[{"embeddable":true,"href":"https:\/\/radiostudiow.com.br\/site\/wp-json\/wp\/v2\/media\/23429"}],"wp:attachment":[{"href":"https:\/\/radiostudiow.com.br\/site\/wp-json\/wp\/v2\/media?parent=23427"}],"wp:term":[{"taxonomy":"category","embeddable":true,"href":"https:\/\/radiostudiow.com.br\/site\/wp-json\/wp\/v2\/categories?post=23427"},{"taxonomy":"post_tag","embeddable":true,"href":"https:\/\/radiostudiow.com.br\/site\/wp-json\/wp\/v2\/tags?post=23427"}],"curies":[{"name":"wp","href":"https:\/\/api.w.org\/{rel}","templated":true}]}}