{"id":2343,"date":"2021-06-07T15:38:37","date_gmt":"2021-06-07T18:38:37","guid":{"rendered":"https:\/\/radiostudiow.com.br\/site\/?p=2343"},"modified":"2025-01-15T11:47:10","modified_gmt":"2025-01-15T14:47:10","slug":"pm-de-mallet-e-acionada-apos-pertubacao-de-sossego-em-vila-maria","status":"publish","type":"post","link":"https:\/\/radiostudiow.com.br\/site\/2021\/06\/07\/pm-de-mallet-e-acionada-apos-pertubacao-de-sossego-em-vila-maria\/","title":{"rendered":"PM DE MALLET \u00c9 ACIONADA AP\u00d3S PERTUBA\u00c7\u00c3O DE SOSSEGO EM VILA MARIA"},"content":{"rendered":"\n<p>Neste s\u00e1bado, 05 de junho, a equipe da Pol\u00edcia Militar de Mallet foi acionada durante uma situa\u00e7\u00e3o de perturba\u00e7\u00e3o de sossego em uma resid\u00eancia na Vila Maria.<\/p>\n\n\n\n<p>De acordo com a solicita\u00e7\u00e3o, estava ocorrendo bebedeira, algazarra e infra\u00e7\u00f5es de tr\u00e2nsito. A equipe policial se deslocou at\u00e9 o local e conversou com o respons\u00e1vel pela resid\u00eancia o qual estava ingerindo bebida alco\u00f3lica com alguns familiares.<\/p>\n\n\n\n<p>Os policiais orientaram para as pessoas que n\u00e3o residiam no local para retornarem as suas casas, de imediato acatado pelos envolvidos. O propriet\u00e1rio do local foi orientado e liberado no local.<\/p>\n\n\n\n<p>No momento da chegada da viatura n\u00e3o foi visualizado infra\u00e7\u00e3o de tr\u00e2nsito ou qualquer tipo de som mec\u00e2nico.<\/p>\n\n\n\n<figure class=\"wp-block-image size-large\"><img decoding=\"async\" src=\"https:\/\/radiostudiow.com.br\/site\/wp-content\/uploads\/2021\/06\/197355756_4161112047280702_4140153092368408369_n-1024x208.jpg\" alt=\"\" class=\"wp-image-2346\"\/><\/figure>\n","protected":false},"excerpt":{"rendered":"<p>Neste s\u00e1bado, 05 de junho, a equipe da Pol\u00edcia Militar de Mallet foi acionada durante uma situa\u00e7\u00e3o de perturba\u00e7\u00e3o de sossego em uma resid\u00eancia na Vila Maria. De acordo com a solicita\u00e7\u00e3o, estava ocorrendo bebedeira, algazarra e infra\u00e7\u00f5es de tr\u00e2nsito. A equipe policial se deslocou at\u00e9 o local e conversou com o respons\u00e1vel pela resid\u00eancia [&hellip;]<\/p>\n","protected":false},"author":2,"featured_media":0,"comment_status":"open","ping_status":"open","sticky":false,"template":"","format":"standard","meta":{"footnotes":""},"categories":[2],"tags":[172],"class_list":["post-2343","post","type-post","status-publish","format-standard","hentry","category-policial","tag-featured"],"amp_enabled":true,"_links":{"self":[{"href":"https:\/\/radiostudiow.com.br\/site\/wp-json\/wp\/v2\/posts\/2343","targetHints":{"allow":["GET"]}}],"collection":[{"href":"https:\/\/radiostudiow.com.br\/site\/wp-json\/wp\/v2\/posts"}],"about":[{"href":"https:\/\/radiostudiow.com.br\/site\/wp-json\/wp\/v2\/types\/post"}],"author":[{"embeddable":true,"href":"https:\/\/radiostudiow.com.br\/site\/wp-json\/wp\/v2\/users\/2"}],"replies":[{"embeddable":true,"href":"https:\/\/radiostudiow.com.br\/site\/wp-json\/wp\/v2\/comments?post=2343"}],"version-history":[{"count":3,"href":"https:\/\/radiostudiow.com.br\/site\/wp-json\/wp\/v2\/posts\/2343\/revisions"}],"predecessor-version":[{"id":2352,"href":"https:\/\/radiostudiow.com.br\/site\/wp-json\/wp\/v2\/posts\/2343\/revisions\/2352"}],"wp:attachment":[{"href":"https:\/\/radiostudiow.com.br\/site\/wp-json\/wp\/v2\/media?parent=2343"}],"wp:term":[{"taxonomy":"category","embeddable":true,"href":"https:\/\/radiostudiow.com.br\/site\/wp-json\/wp\/v2\/categories?post=2343"},{"taxonomy":"post_tag","embeddable":true,"href":"https:\/\/radiostudiow.com.br\/site\/wp-json\/wp\/v2\/tags?post=2343"}],"curies":[{"name":"wp","href":"https:\/\/api.w.org\/{rel}","templated":true}]}}