{"id":23457,"date":"2024-06-12T20:44:58","date_gmt":"2024-06-12T23:44:58","guid":{"rendered":"https:\/\/radiostudiow.com.br\/site\/?p=23457"},"modified":"2025-01-31T14:59:15","modified_gmt":"2025-01-31T17:59:15","slug":"12-de-junho-dia-mundial-contra-o-trabalho-infantil","status":"publish","type":"post","link":"https:\/\/radiostudiow.com.br\/site\/2024\/06\/12\/12-de-junho-dia-mundial-contra-o-trabalho-infantil\/","title":{"rendered":"12 DE JUNHO \u2013 DIA MUNDIAL CONTRA O TRABALHO INFANTIL"},"content":{"rendered":"\n<p>Este dia foi institu\u00eddo pela Organiza\u00e7\u00e3o Internacional do Trabalho (OIT) em 2002.<br>Para promover reflex\u00f5es sobre o direito de todas as crian\u00e7as \u00e0 inf\u00e2ncia segura, a educa\u00e7\u00e3o, sa\u00fade, livres da explora\u00e7\u00e3o infantil e de outras viola\u00e7\u00f5es.<\/p>\n\n\n\n<figure class=\"wp-block-image size-full\"><img loading=\"lazy\" decoding=\"async\" width=\"598\" height=\"204\" src=\"https:\/\/radiostudiow.com.br\/site\/wp-content\/uploads\/2024\/04\/image-29.png\" alt=\"\" class=\"wp-image-21283\" srcset=\"https:\/\/radiostudiow.com.br\/site\/wp-content\/uploads\/2024\/04\/image-29.png 598w, https:\/\/radiostudiow.com.br\/site\/wp-content\/uploads\/2024\/04\/image-29-300x102.png 300w\" sizes=\"auto, (max-width: 598px) 100vw, 598px\" \/><\/figure>\n\n\n\n<p>O s\u00edmbolo da campanha e da luta contra o trabalho infantil no Brasil e no mundo \u00e9 o cata-vento de cinco pontas coloridas. Ele tem o sentido l\u00fadico e expressa a alegria que deve estar presente na vida das crian\u00e7as e adolescentes. O \u00edcone representa movimento e a realiza\u00e7\u00e3o de a\u00e7\u00f5es permanentes e articuladas para a preven\u00e7\u00e3o e a erradica\u00e7\u00e3o do trabalho infantil.<\/p>\n\n\n\n<p>A prote\u00e7\u00e3o da crian\u00e7a e do adolescente \u00e9 dever do Estado, da fam\u00edlia e de toda sociedade. E a conscientiza\u00e7\u00e3o e n\u00e3o omiss\u00e3o, por parte de todos, s\u00e3o fundamentais para vencermos essa luta.<\/p>\n\n\n\n<p><strong>Ao presenciar ou ter conhecimento sobre alguma situa\u00e7\u00e3o de trabalho infantil, denuncie<br>Disque 100<\/strong><\/p>\n\n\n\n<figure class=\"wp-block-image size-large\"><img loading=\"lazy\" decoding=\"async\" width=\"1024\" height=\"1024\" src=\"https:\/\/radiostudiow.com.br\/site\/wp-content\/uploads\/2024\/06\/02-1024x1024.jpeg\" alt=\"\" class=\"wp-image-23227\" srcset=\"https:\/\/radiostudiow.com.br\/site\/wp-content\/uploads\/2024\/06\/02-1024x1024.jpeg 1024w, https:\/\/radiostudiow.com.br\/site\/wp-content\/uploads\/2024\/06\/02-300x300.jpeg 300w, https:\/\/radiostudiow.com.br\/site\/wp-content\/uploads\/2024\/06\/02-768x768.jpeg 768w, https:\/\/radiostudiow.com.br\/site\/wp-content\/uploads\/2024\/06\/02-80x80.jpeg 80w, https:\/\/radiostudiow.com.br\/site\/wp-content\/uploads\/2024\/06\/02.jpeg 1080w\" sizes=\"auto, (max-width: 1024px) 100vw, 1024px\" \/><\/figure>\n","protected":false},"excerpt":{"rendered":"<p>Este dia foi institu\u00eddo pela Organiza\u00e7\u00e3o Internacional do Trabalho (OIT) em 2002.Para promover reflex\u00f5es sobre o direito de todas as crian\u00e7as \u00e0 inf\u00e2ncia segura, a educa\u00e7\u00e3o, sa\u00fade, livres da explora\u00e7\u00e3o infantil e de outras viola\u00e7\u00f5es. O s\u00edmbolo da campanha e da luta contra o trabalho infantil no Brasil e no mundo \u00e9 o cata-vento de [&hellip;]<\/p>\n","protected":false},"author":2,"featured_media":23458,"comment_status":"open","ping_status":"open","sticky":false,"template":"","format":"standard","meta":{"footnotes":""},"categories":[7],"tags":[172],"class_list":["post-23457","post","type-post","status-publish","format-standard","has-post-thumbnail","hentry","category-geral","tag-featured"],"amp_enabled":true,"_links":{"self":[{"href":"https:\/\/radiostudiow.com.br\/site\/wp-json\/wp\/v2\/posts\/23457","targetHints":{"allow":["GET"]}}],"collection":[{"href":"https:\/\/radiostudiow.com.br\/site\/wp-json\/wp\/v2\/posts"}],"about":[{"href":"https:\/\/radiostudiow.com.br\/site\/wp-json\/wp\/v2\/types\/post"}],"author":[{"embeddable":true,"href":"https:\/\/radiostudiow.com.br\/site\/wp-json\/wp\/v2\/users\/2"}],"replies":[{"embeddable":true,"href":"https:\/\/radiostudiow.com.br\/site\/wp-json\/wp\/v2\/comments?post=23457"}],"version-history":[{"count":1,"href":"https:\/\/radiostudiow.com.br\/site\/wp-json\/wp\/v2\/posts\/23457\/revisions"}],"predecessor-version":[{"id":23459,"href":"https:\/\/radiostudiow.com.br\/site\/wp-json\/wp\/v2\/posts\/23457\/revisions\/23459"}],"wp:featuredmedia":[{"embeddable":true,"href":"https:\/\/radiostudiow.com.br\/site\/wp-json\/wp\/v2\/media\/23458"}],"wp:attachment":[{"href":"https:\/\/radiostudiow.com.br\/site\/wp-json\/wp\/v2\/media?parent=23457"}],"wp:term":[{"taxonomy":"category","embeddable":true,"href":"https:\/\/radiostudiow.com.br\/site\/wp-json\/wp\/v2\/categories?post=23457"},{"taxonomy":"post_tag","embeddable":true,"href":"https:\/\/radiostudiow.com.br\/site\/wp-json\/wp\/v2\/tags?post=23457"}],"curies":[{"name":"wp","href":"https:\/\/api.w.org\/{rel}","templated":true}]}}