{"id":23460,"date":"2024-06-12T20:51:28","date_gmt":"2024-06-12T23:51:28","guid":{"rendered":"https:\/\/radiostudiow.com.br\/site\/?p=23460"},"modified":"2025-01-31T14:59:15","modified_gmt":"2025-01-31T17:59:15","slug":"policia-militar-de-mallet-prende-suspeito-com-substancia-analoga-a-cocaina","status":"publish","type":"post","link":"https:\/\/radiostudiow.com.br\/site\/2024\/06\/12\/policia-militar-de-mallet-prende-suspeito-com-substancia-analoga-a-cocaina\/","title":{"rendered":"Pol\u00edcia Militar de Mallet Prende Suspeito com Subst\u00e2ncia An\u00e1loga a Coca\u00edna"},"content":{"rendered":"\n<p>A Pol\u00edcia Militar de Mallet, prendeu um indiv\u00edduo durante patrulhamento de rotina no centro da cidade nesta ter\u00e7a-feira dia 11 de junho.<\/p>\n\n\n\n<p>A abordagem resultou na apreens\u00e3o de tr\u00eas inv\u00f3lucros contendo subst\u00e2ncia an\u00e1loga a coca\u00edna.<\/p>\n\n\n\n<figure class=\"wp-block-image size-full\"><img loading=\"lazy\" decoding=\"async\" width=\"897\" height=\"204\" src=\"https:\/\/radiostudiow.com.br\/site\/wp-content\/uploads\/2024\/04\/image-50.png\" alt=\"\" class=\"wp-image-21368\" srcset=\"https:\/\/radiostudiow.com.br\/site\/wp-content\/uploads\/2024\/04\/image-50.png 897w, https:\/\/radiostudiow.com.br\/site\/wp-content\/uploads\/2024\/04\/image-50-300x68.png 300w, https:\/\/radiostudiow.com.br\/site\/wp-content\/uploads\/2024\/04\/image-50-768x175.png 768w\" sizes=\"auto, (max-width: 897px) 100vw, 897px\" \/><\/figure>\n\n\n\n<p>De acordo com o boletim de ocorr\u00eancia, os policiais realizavam um patrulhamento preventivo quando avistaram um homem em atitude suspeita. Ao ser abordado, os agentes encontraram tr\u00eas pacotes pequenos em sua posse, os quais continham um p\u00f3 branco semelhante \u00e0 coca\u00edna. Imediatamente, foi dada voz de pris\u00e3o ao suspeito.<\/p>\n\n\n\n<p>O indiv\u00edduo, cuja identidade n\u00e3o foi revelada, foi conduzido ao pelot\u00e3o da Pol\u00edcia Militar para a confec\u00e7\u00e3o do termo circunstanciado.<\/p>\n\n\n\n<p>Este documento \u00e9 utilizado para registrar a ocorr\u00eancia e as circunst\u00e2ncias em que se deu a apreens\u00e3o da droga, sendo um procedimento padr\u00e3o em casos de menor potencial ofensivo. Ap\u00f3s a finaliza\u00e7\u00e3o do termo, o suspeito ser\u00e1 encaminhado ao Poder Judici\u00e1rio para as devidas provid\u00eancias legais.<\/p>\n\n\n\n<figure class=\"wp-block-image size-full\"><img decoding=\"async\" src=\"https:\/\/radiostudiow.com.br\/site\/wp-content\/uploads\/2024\/04\/image-47.png\" alt=\"\" class=\"wp-image-21404\"\/><\/figure>\n\n\n\n<p>A Pol\u00edcia Militar ressalta a import\u00e2ncia de a\u00e7\u00f5es como esta para a manuten\u00e7\u00e3o da seguran\u00e7a p\u00fablica e o combate ao tr\u00e1fico de drogas na regi\u00e3o.<\/p>\n\n\n\n<p>A Pol\u00edcia Militar pede \u00e0 popula\u00e7\u00e3o que continue colaborando, denunciando atividades suspeitas atrav\u00e9s do telefone 190, contribuindo assim para a seguran\u00e7a de todos.<\/p>\n","protected":false},"excerpt":{"rendered":"<p>A Pol\u00edcia Militar de Mallet, prendeu um indiv\u00edduo durante patrulhamento de rotina no centro da cidade nesta ter\u00e7a-feira dia 11 de junho. A abordagem resultou na apreens\u00e3o de tr\u00eas inv\u00f3lucros contendo subst\u00e2ncia an\u00e1loga a coca\u00edna. De acordo com o boletim de ocorr\u00eancia, os policiais realizavam um patrulhamento preventivo quando avistaram um homem em atitude suspeita. [&hellip;]<\/p>\n","protected":false},"author":2,"featured_media":20678,"comment_status":"open","ping_status":"open","sticky":false,"template":"","format":"standard","meta":{"footnotes":""},"categories":[2],"tags":[172],"class_list":["post-23460","post","type-post","status-publish","format-standard","has-post-thumbnail","hentry","category-policial","tag-featured"],"amp_enabled":true,"_links":{"self":[{"href":"https:\/\/radiostudiow.com.br\/site\/wp-json\/wp\/v2\/posts\/23460","targetHints":{"allow":["GET"]}}],"collection":[{"href":"https:\/\/radiostudiow.com.br\/site\/wp-json\/wp\/v2\/posts"}],"about":[{"href":"https:\/\/radiostudiow.com.br\/site\/wp-json\/wp\/v2\/types\/post"}],"author":[{"embeddable":true,"href":"https:\/\/radiostudiow.com.br\/site\/wp-json\/wp\/v2\/users\/2"}],"replies":[{"embeddable":true,"href":"https:\/\/radiostudiow.com.br\/site\/wp-json\/wp\/v2\/comments?post=23460"}],"version-history":[{"count":1,"href":"https:\/\/radiostudiow.com.br\/site\/wp-json\/wp\/v2\/posts\/23460\/revisions"}],"predecessor-version":[{"id":23462,"href":"https:\/\/radiostudiow.com.br\/site\/wp-json\/wp\/v2\/posts\/23460\/revisions\/23462"}],"wp:featuredmedia":[{"embeddable":true,"href":"https:\/\/radiostudiow.com.br\/site\/wp-json\/wp\/v2\/media\/20678"}],"wp:attachment":[{"href":"https:\/\/radiostudiow.com.br\/site\/wp-json\/wp\/v2\/media?parent=23460"}],"wp:term":[{"taxonomy":"category","embeddable":true,"href":"https:\/\/radiostudiow.com.br\/site\/wp-json\/wp\/v2\/categories?post=23460"},{"taxonomy":"post_tag","embeddable":true,"href":"https:\/\/radiostudiow.com.br\/site\/wp-json\/wp\/v2\/tags?post=23460"}],"curies":[{"name":"wp","href":"https:\/\/api.w.org\/{rel}","templated":true}]}}