{"id":23468,"date":"2024-06-13T10:05:20","date_gmt":"2024-06-13T13:05:20","guid":{"rendered":"https:\/\/radiostudiow.com.br\/site\/?p=23468"},"modified":"2025-01-31T14:59:15","modified_gmt":"2025-01-31T17:59:15","slug":"atencao-populacao-de-mallet-campanha-da-polio","status":"publish","type":"post","link":"https:\/\/radiostudiow.com.br\/site\/2024\/06\/13\/atencao-populacao-de-mallet-campanha-da-polio\/","title":{"rendered":"Aten\u00e7\u00e3o Popula\u00e7\u00e3o de Mallet! Campanha da Polio"},"content":{"rendered":"\n<figure class=\"wp-block-image size-full\"><img decoding=\"async\" src=\"https:\/\/radiostudiow.com.br\/site\/wp-content\/uploads\/2024\/04\/SITE-MEDIO.png\" alt=\"\" class=\"wp-image-21854\"\/><\/figure>\n\n\n\n<p>Est\u00e1 se aproximando o fim da campanha da polio (gotinha) que previne a paralisia infantil. Aproveite a oportunidade da Unidade estar aberta at\u00e9 mais tarde hoje, e procure vacinar sua crian\u00e7a o quanto antes.<\/p>\n\n\n\n<p>Se n\u00e3o conseguir hoje, <strong>estaremos at\u00e9 sexta-feira em qualquer unidade de sa\u00fade at\u00e9 as 17:00 horas <\/strong>hesperando voc\u00eas!<\/p>\n\n\n\n<p>Crian\u00e7as de 1 a menor de 5 anos<br><strong>VACINAS SALVAM VIDAS!<\/strong><\/p>\n","protected":false},"excerpt":{"rendered":"<p>Est\u00e1 se aproximando o fim da campanha da polio (gotinha) que previne a paralisia infantil. Aproveite a oportunidade da Unidade estar aberta at\u00e9 mais tarde hoje, e procure vacinar sua crian\u00e7a o quanto antes. Se n\u00e3o conseguir hoje, estaremos at\u00e9 sexta-feira em qualquer unidade de sa\u00fade at\u00e9 as 17:00 horas hesperando voc\u00eas! Crian\u00e7as de 1 [&hellip;]<\/p>\n","protected":false},"author":2,"featured_media":23469,"comment_status":"open","ping_status":"open","sticky":false,"template":"","format":"standard","meta":{"footnotes":""},"categories":[184],"tags":[172],"class_list":["post-23468","post","type-post","status-publish","format-standard","has-post-thumbnail","hentry","category-local","tag-featured"],"amp_enabled":true,"_links":{"self":[{"href":"https:\/\/radiostudiow.com.br\/site\/wp-json\/wp\/v2\/posts\/23468","targetHints":{"allow":["GET"]}}],"collection":[{"href":"https:\/\/radiostudiow.com.br\/site\/wp-json\/wp\/v2\/posts"}],"about":[{"href":"https:\/\/radiostudiow.com.br\/site\/wp-json\/wp\/v2\/types\/post"}],"author":[{"embeddable":true,"href":"https:\/\/radiostudiow.com.br\/site\/wp-json\/wp\/v2\/users\/2"}],"replies":[{"embeddable":true,"href":"https:\/\/radiostudiow.com.br\/site\/wp-json\/wp\/v2\/comments?post=23468"}],"version-history":[{"count":2,"href":"https:\/\/radiostudiow.com.br\/site\/wp-json\/wp\/v2\/posts\/23468\/revisions"}],"predecessor-version":[{"id":23471,"href":"https:\/\/radiostudiow.com.br\/site\/wp-json\/wp\/v2\/posts\/23468\/revisions\/23471"}],"wp:featuredmedia":[{"embeddable":true,"href":"https:\/\/radiostudiow.com.br\/site\/wp-json\/wp\/v2\/media\/23469"}],"wp:attachment":[{"href":"https:\/\/radiostudiow.com.br\/site\/wp-json\/wp\/v2\/media?parent=23468"}],"wp:term":[{"taxonomy":"category","embeddable":true,"href":"https:\/\/radiostudiow.com.br\/site\/wp-json\/wp\/v2\/categories?post=23468"},{"taxonomy":"post_tag","embeddable":true,"href":"https:\/\/radiostudiow.com.br\/site\/wp-json\/wp\/v2\/tags?post=23468"}],"curies":[{"name":"wp","href":"https:\/\/api.w.org\/{rel}","templated":true}]}}