{"id":23488,"date":"2024-06-13T20:55:52","date_gmt":"2024-06-13T23:55:52","guid":{"rendered":"https:\/\/radiostudiow.com.br\/site\/?p=23488"},"modified":"2025-01-31T14:59:15","modified_gmt":"2025-01-31T17:59:15","slug":"estudantes-tem-ate-esta-sexta-feira-para-se-inscrever-no-enem","status":"publish","type":"post","link":"https:\/\/radiostudiow.com.br\/site\/2024\/06\/13\/estudantes-tem-ate-esta-sexta-feira-para-se-inscrever-no-enem\/","title":{"rendered":"Estudantes t\u00eam at\u00e9 esta sexta-feira para se inscrever no Enem"},"content":{"rendered":"\n<figure class=\"wp-block-image size-full\"><img loading=\"lazy\" decoding=\"async\" width=\"598\" height=\"204\" src=\"https:\/\/radiostudiow.com.br\/site\/wp-content\/uploads\/2024\/04\/image-23.png\" alt=\"\" class=\"wp-image-21221\" srcset=\"https:\/\/radiostudiow.com.br\/site\/wp-content\/uploads\/2024\/04\/image-23.png 598w, https:\/\/radiostudiow.com.br\/site\/wp-content\/uploads\/2024\/04\/image-23-300x102.png 300w\" sizes=\"auto, (max-width: 598px) 100vw, 598px\" \/><\/figure>\n\n\n\n<p>Termina nesta\u00a0sexta-feira (14) o prazo para inscri\u00e7\u00f5es no Exame Nacional do Ensino M\u00e9dio (Enem). Os interessados devem acessar a\u00a0<a href=\"https:\/\/enem.inep.gov.br\/participante\/#!\/\" target=\"_blank\" rel=\"noreferrer noopener\">P\u00e1gina do Participante<\/a>\u00a0e utilizar o cadastro na conta gov.br. A taxa de inscri\u00e7\u00e3o (R$ 85) deve ser paga at\u00e9 19 de junho, e as provas ser\u00e3o aplicadas nos dias 3 e 10 de novembro, em todas as unidades federativas.<\/p>\n\n\n\n<p>As solicita\u00e7\u00f5es de atendimento especializado e tratamento por nome social tamb\u00e9m v\u00e3o at\u00e9 14 de junho. Quem est\u00e1 concluindo o ensino m\u00e9dio em escola p\u00fablica n\u00e3o paga taxa de inscri\u00e7\u00e3o.<\/p>\n\n\n\n<figure class=\"wp-block-image size-full\"><img loading=\"lazy\" decoding=\"async\" width=\"598\" height=\"204\" src=\"https:\/\/radiostudiow.com.br\/site\/wp-content\/uploads\/2024\/04\/image-39.png\" alt=\"\" class=\"wp-image-21311\" srcset=\"https:\/\/radiostudiow.com.br\/site\/wp-content\/uploads\/2024\/04\/image-39.png 598w, https:\/\/radiostudiow.com.br\/site\/wp-content\/uploads\/2024\/04\/image-39-300x102.png 300w\" sizes=\"auto, (max-width: 598px) 100vw, 598px\" \/><\/figure>\n\n\n\n<h2 class=\"wp-block-heading\">ENEM<\/h2>\n\n\n\n<p>Criado em 1998, o Enem avalia o desempenho escolar dos estudantes ao t\u00e9rmino da educa\u00e7\u00e3o b\u00e1sica e tamb\u00e9m \u00e9 a principal porta de entrada para a educa\u00e7\u00e3o superior no pa\u00eds.<\/p>\n\n\n\n<p>Os resultados da avalia\u00e7\u00e3o podem ser usados para acesso ao Sistema de Sele\u00e7\u00e3o Unificada (Sisu) e ao Programa Universidade para Todos (ProUni) e tamb\u00e9m s\u00e3o aceitos em institui\u00e7\u00f5es privadas e de outros pa\u00edses de l\u00edngua portuguesa que tenham acordo com o Brasil.<\/p>\n\n\n\n<p>Os estudantes que n\u00e3o conclu\u00edram o ensino m\u00e9dio tamb\u00e9m podem participar na condi\u00e7\u00e3o de treineiros, para autoavalia\u00e7\u00e3o nos anos anteriores ao t\u00e9rmino da educa\u00e7\u00e3o b\u00e1sica.<\/p>\n","protected":false},"excerpt":{"rendered":"<p>Termina nesta\u00a0sexta-feira (14) o prazo para inscri\u00e7\u00f5es no Exame Nacional do Ensino M\u00e9dio (Enem). Os interessados devem acessar a\u00a0P\u00e1gina do Participante\u00a0e utilizar o cadastro na conta gov.br. A taxa de inscri\u00e7\u00e3o (R$ 85) deve ser paga at\u00e9 19 de junho, e as provas ser\u00e3o aplicadas nos dias 3 e 10 de novembro, em todas as [&hellip;]<\/p>\n","protected":false},"author":2,"featured_media":22978,"comment_status":"open","ping_status":"open","sticky":false,"template":"","format":"standard","meta":{"footnotes":""},"categories":[7],"tags":[172],"class_list":["post-23488","post","type-post","status-publish","format-standard","has-post-thumbnail","hentry","category-geral","tag-featured"],"amp_enabled":true,"_links":{"self":[{"href":"https:\/\/radiostudiow.com.br\/site\/wp-json\/wp\/v2\/posts\/23488","targetHints":{"allow":["GET"]}}],"collection":[{"href":"https:\/\/radiostudiow.com.br\/site\/wp-json\/wp\/v2\/posts"}],"about":[{"href":"https:\/\/radiostudiow.com.br\/site\/wp-json\/wp\/v2\/types\/post"}],"author":[{"embeddable":true,"href":"https:\/\/radiostudiow.com.br\/site\/wp-json\/wp\/v2\/users\/2"}],"replies":[{"embeddable":true,"href":"https:\/\/radiostudiow.com.br\/site\/wp-json\/wp\/v2\/comments?post=23488"}],"version-history":[{"count":1,"href":"https:\/\/radiostudiow.com.br\/site\/wp-json\/wp\/v2\/posts\/23488\/revisions"}],"predecessor-version":[{"id":23489,"href":"https:\/\/radiostudiow.com.br\/site\/wp-json\/wp\/v2\/posts\/23488\/revisions\/23489"}],"wp:featuredmedia":[{"embeddable":true,"href":"https:\/\/radiostudiow.com.br\/site\/wp-json\/wp\/v2\/media\/22978"}],"wp:attachment":[{"href":"https:\/\/radiostudiow.com.br\/site\/wp-json\/wp\/v2\/media?parent=23488"}],"wp:term":[{"taxonomy":"category","embeddable":true,"href":"https:\/\/radiostudiow.com.br\/site\/wp-json\/wp\/v2\/categories?post=23488"},{"taxonomy":"post_tag","embeddable":true,"href":"https:\/\/radiostudiow.com.br\/site\/wp-json\/wp\/v2\/tags?post=23488"}],"curies":[{"name":"wp","href":"https:\/\/api.w.org\/{rel}","templated":true}]}}