{"id":23492,"date":"2024-06-13T20:58:21","date_gmt":"2024-06-13T23:58:21","guid":{"rendered":"https:\/\/radiostudiow.com.br\/site\/?p=23492"},"modified":"2025-01-31T14:59:15","modified_gmt":"2025-01-31T17:59:15","slug":"policia-apreende-varias-armas-de-fogo-apos-denuncia-de-tiros-no-interior-de-uniao-da-vitoria","status":"publish","type":"post","link":"https:\/\/radiostudiow.com.br\/site\/2024\/06\/13\/policia-apreende-varias-armas-de-fogo-apos-denuncia-de-tiros-no-interior-de-uniao-da-vitoria\/","title":{"rendered":"Pol\u00edcia apreende v\u00e1rias armas de fogo ap\u00f3s den\u00fancia de tiros no interior de Uni\u00e3o da Vit\u00f3ria"},"content":{"rendered":"\n<p>Um homem que n\u00e3o teve o nome divulgado oficialmente, foi detido durante essa quarta-feira, dia 12 de junho, ap\u00f3s a Pol\u00edcia receber den\u00fancia de disparos de arma de fogo. A situa\u00e7\u00e3o ocorreu na localidade do Rio Vermelho em Uni\u00e3o da Vit\u00f3ria.<\/p>\n\n\n\n<figure class=\"wp-block-image size-large\"><img decoding=\"async\" src=\"https:\/\/radiostudiow.com.br\/site\/wp-content\/uploads\/2024\/05\/86140-nacional-tv-coops-comunicacao-interna-pos-campanha-de-educacao-financeira-2024-1-1024x576.png\" alt=\"\" class=\"wp-image-23087\"\/><\/figure>\n\n\n\n<p>De acordo com informa\u00e7\u00f5es, ap\u00f3s receber a den\u00fancia a Pol\u00edcia deslocou at\u00e9 uma propriedade onde encontrou diversas armas de fogo, al\u00e9m de muni\u00e7\u00f5es e certa quantia em maconha. O homem suspeito de efetuar disparos em dire\u00e7\u00e3o a uma propriedade vizinha, teria se evadido com um Fiat\/Toro prata.<\/p>\n\n\n\n<p>Com apoio da Pol\u00edcia de Porto Uni\u00e3o, a PM de Uni\u00e3o da Vit\u00f3ria conseguiu localizar o suspeito, o qual foi abordado na cidade catarinense. Ele recebeu voz de pris\u00e3o e foi conduzido at\u00e9 a delegacia.<\/p>\n","protected":false},"excerpt":{"rendered":"<p>Um homem que n\u00e3o teve o nome divulgado oficialmente, foi detido durante essa quarta-feira, dia 12 de junho, ap\u00f3s a Pol\u00edcia receber den\u00fancia de disparos de arma de fogo. A situa\u00e7\u00e3o ocorreu na localidade do Rio Vermelho em Uni\u00e3o da Vit\u00f3ria. De acordo com informa\u00e7\u00f5es, ap\u00f3s receber a den\u00fancia a Pol\u00edcia deslocou at\u00e9 uma propriedade [&hellip;]<\/p>\n","protected":false},"author":2,"featured_media":23493,"comment_status":"open","ping_status":"open","sticky":false,"template":"","format":"standard","meta":{"footnotes":""},"categories":[2],"tags":[172],"class_list":["post-23492","post","type-post","status-publish","format-standard","has-post-thumbnail","hentry","category-policial","tag-featured"],"amp_enabled":true,"_links":{"self":[{"href":"https:\/\/radiostudiow.com.br\/site\/wp-json\/wp\/v2\/posts\/23492","targetHints":{"allow":["GET"]}}],"collection":[{"href":"https:\/\/radiostudiow.com.br\/site\/wp-json\/wp\/v2\/posts"}],"about":[{"href":"https:\/\/radiostudiow.com.br\/site\/wp-json\/wp\/v2\/types\/post"}],"author":[{"embeddable":true,"href":"https:\/\/radiostudiow.com.br\/site\/wp-json\/wp\/v2\/users\/2"}],"replies":[{"embeddable":true,"href":"https:\/\/radiostudiow.com.br\/site\/wp-json\/wp\/v2\/comments?post=23492"}],"version-history":[{"count":1,"href":"https:\/\/radiostudiow.com.br\/site\/wp-json\/wp\/v2\/posts\/23492\/revisions"}],"predecessor-version":[{"id":23494,"href":"https:\/\/radiostudiow.com.br\/site\/wp-json\/wp\/v2\/posts\/23492\/revisions\/23494"}],"wp:featuredmedia":[{"embeddable":true,"href":"https:\/\/radiostudiow.com.br\/site\/wp-json\/wp\/v2\/media\/23493"}],"wp:attachment":[{"href":"https:\/\/radiostudiow.com.br\/site\/wp-json\/wp\/v2\/media?parent=23492"}],"wp:term":[{"taxonomy":"category","embeddable":true,"href":"https:\/\/radiostudiow.com.br\/site\/wp-json\/wp\/v2\/categories?post=23492"},{"taxonomy":"post_tag","embeddable":true,"href":"https:\/\/radiostudiow.com.br\/site\/wp-json\/wp\/v2\/tags?post=23492"}],"curies":[{"name":"wp","href":"https:\/\/api.w.org\/{rel}","templated":true}]}}