{"id":23499,"date":"2024-06-14T18:19:31","date_gmt":"2024-06-14T21:19:31","guid":{"rendered":"https:\/\/radiostudiow.com.br\/site\/?p=23499"},"modified":"2025-01-31T14:59:15","modified_gmt":"2025-01-31T17:59:15","slug":"acidente-entre-moto-e-caminhao-deixa-mulher-ferida-em-uniao-da-vitoria","status":"publish","type":"post","link":"https:\/\/radiostudiow.com.br\/site\/2024\/06\/14\/acidente-entre-moto-e-caminhao-deixa-mulher-ferida-em-uniao-da-vitoria\/","title":{"rendered":"Acidente entre moto e caminh\u00e3o deixa mulher ferida em Uni\u00e3o da Vit\u00f3ria"},"content":{"rendered":"\n<p>A equipe do Corpo de Bombeiros esteve atendendo a uma ocorr\u00eancia de acidente de tr\u00e2nsito, registrado por volta das 09:45 horas dessa quinta-feira, 13 de junho, em Uni\u00e3o da Vit\u00f3ria.<\/p>\n\n\n\n<figure class=\"wp-block-image size-full\"><img loading=\"lazy\" decoding=\"async\" width=\"590\" height=\"204\" src=\"https:\/\/radiostudiow.com.br\/site\/wp-content\/uploads\/2024\/04\/image-27.png\" alt=\"\" class=\"wp-image-21280\" srcset=\"https:\/\/radiostudiow.com.br\/site\/wp-content\/uploads\/2024\/04\/image-27.png 590w, https:\/\/radiostudiow.com.br\/site\/wp-content\/uploads\/2024\/04\/image-27-300x104.png 300w\" sizes=\"auto, (max-width: 590px) 100vw, 590px\" \/><\/figure>\n\n\n\n<p>De acordo com informa\u00e7\u00f5es divulgadas pelo Corpo de Bombeiros, o acidente aconteceu na rodovia BR-476 e envolveu um caminh\u00e3o VW\/26.280 de cor branca e uma motocicleta Honda\/Biz de cor preta.<\/p>\n\n\n\n<p>Com a batida, uma mulher de 38 anos de idade, sofreu ferimentos de gravidade moderada. Ela recebeu os primeiros socorros e foi encaminhada para cuidados m\u00e9dicos no hospital Regional.<\/p>\n","protected":false},"excerpt":{"rendered":"<p>A equipe do Corpo de Bombeiros esteve atendendo a uma ocorr\u00eancia de acidente de tr\u00e2nsito, registrado por volta das 09:45 horas dessa quinta-feira, 13 de junho, em Uni\u00e3o da Vit\u00f3ria. De acordo com informa\u00e7\u00f5es divulgadas pelo Corpo de Bombeiros, o acidente aconteceu na rodovia BR-476 e envolveu um caminh\u00e3o VW\/26.280 de cor branca e uma [&hellip;]<\/p>\n","protected":false},"author":2,"featured_media":22624,"comment_status":"open","ping_status":"open","sticky":false,"template":"","format":"standard","meta":{"footnotes":""},"categories":[7,185],"tags":[172],"class_list":["post-23499","post","type-post","status-publish","format-standard","has-post-thumbnail","hentry","category-geral","category-regional","tag-featured"],"amp_enabled":true,"_links":{"self":[{"href":"https:\/\/radiostudiow.com.br\/site\/wp-json\/wp\/v2\/posts\/23499","targetHints":{"allow":["GET"]}}],"collection":[{"href":"https:\/\/radiostudiow.com.br\/site\/wp-json\/wp\/v2\/posts"}],"about":[{"href":"https:\/\/radiostudiow.com.br\/site\/wp-json\/wp\/v2\/types\/post"}],"author":[{"embeddable":true,"href":"https:\/\/radiostudiow.com.br\/site\/wp-json\/wp\/v2\/users\/2"}],"replies":[{"embeddable":true,"href":"https:\/\/radiostudiow.com.br\/site\/wp-json\/wp\/v2\/comments?post=23499"}],"version-history":[{"count":2,"href":"https:\/\/radiostudiow.com.br\/site\/wp-json\/wp\/v2\/posts\/23499\/revisions"}],"predecessor-version":[{"id":23533,"href":"https:\/\/radiostudiow.com.br\/site\/wp-json\/wp\/v2\/posts\/23499\/revisions\/23533"}],"wp:featuredmedia":[{"embeddable":true,"href":"https:\/\/radiostudiow.com.br\/site\/wp-json\/wp\/v2\/media\/22624"}],"wp:attachment":[{"href":"https:\/\/radiostudiow.com.br\/site\/wp-json\/wp\/v2\/media?parent=23499"}],"wp:term":[{"taxonomy":"category","embeddable":true,"href":"https:\/\/radiostudiow.com.br\/site\/wp-json\/wp\/v2\/categories?post=23499"},{"taxonomy":"post_tag","embeddable":true,"href":"https:\/\/radiostudiow.com.br\/site\/wp-json\/wp\/v2\/tags?post=23499"}],"curies":[{"name":"wp","href":"https:\/\/api.w.org\/{rel}","templated":true}]}}