{"id":23504,"date":"2024-06-14T19:14:35","date_gmt":"2024-06-14T22:14:35","guid":{"rendered":"https:\/\/radiostudiow.com.br\/site\/?p=23504"},"modified":"2025-01-31T14:59:15","modified_gmt":"2025-01-31T17:59:15","slug":"jovem-e-atingido-por-disparo-de-espingarda-de-pressao-em-uniao-da-vitoria","status":"publish","type":"post","link":"https:\/\/radiostudiow.com.br\/site\/2024\/06\/14\/jovem-e-atingido-por-disparo-de-espingarda-de-pressao-em-uniao-da-vitoria\/","title":{"rendered":"Jovem \u00e9 atingido por disparo de espingarda de press\u00e3o em Uni\u00e3o da Vit\u00f3ria"},"content":{"rendered":"\n<p>Um jovem ficou ferido ap\u00f3s ser atingido por um disparo de espingarda de press\u00e3o por volta das 19:40 horas dessa quinta-feira, 13 de junho, no bairro S\u00e3o Bernardo em Uni\u00e3o da Vit\u00f3ria.<\/p>\n\n\n\n<figure class=\"wp-block-image size-full\"><img loading=\"lazy\" decoding=\"async\" width=\"900\" height=\"408\" src=\"https:\/\/radiostudiow.com.br\/site\/wp-content\/uploads\/2024\/04\/image-21.png\" alt=\"\" class=\"wp-image-21214\" srcset=\"https:\/\/radiostudiow.com.br\/site\/wp-content\/uploads\/2024\/04\/image-21.png 900w, https:\/\/radiostudiow.com.br\/site\/wp-content\/uploads\/2024\/04\/image-21-300x136.png 300w, https:\/\/radiostudiow.com.br\/site\/wp-content\/uploads\/2024\/04\/image-21-768x348.png 768w\" sizes=\"auto, (max-width: 900px) 100vw, 900px\" \/><\/figure>\n\n\n\n<p>Segundo informa\u00e7\u00f5es, o autor do disparo teria sido um vizinho, o qual alegou que efetuou o disparo devido a perturba\u00e7\u00e3o de sossego causada. Ele tamb\u00e9m disse que a perturba\u00e7\u00e3o era recorrente e que o jovem n\u00e3o aceitava diminuir o tom das conversas.<\/p>\n\n\n\n<p>Diante dos fatos, as partes envolvidas foram conduzidas at\u00e9 a sede do 27\u00ba Batalh\u00e3o da Pol\u00edcia Militar onde foi lavrado o termo Circunstanciado e orientado quanto aos procedimentos cab\u00edveis.<\/p>\n","protected":false},"excerpt":{"rendered":"<p>Um jovem ficou ferido ap\u00f3s ser atingido por um disparo de espingarda de press\u00e3o por volta das 19:40 horas dessa quinta-feira, 13 de junho, no bairro S\u00e3o Bernardo em Uni\u00e3o da Vit\u00f3ria. Segundo informa\u00e7\u00f5es, o autor do disparo teria sido um vizinho, o qual alegou que efetuou o disparo devido a perturba\u00e7\u00e3o de sossego causada. [&hellip;]<\/p>\n","protected":false},"author":2,"featured_media":19871,"comment_status":"open","ping_status":"open","sticky":false,"template":"","format":"standard","meta":{"footnotes":""},"categories":[2],"tags":[172],"class_list":["post-23504","post","type-post","status-publish","format-standard","has-post-thumbnail","hentry","category-policial","tag-featured"],"amp_enabled":true,"_links":{"self":[{"href":"https:\/\/radiostudiow.com.br\/site\/wp-json\/wp\/v2\/posts\/23504","targetHints":{"allow":["GET"]}}],"collection":[{"href":"https:\/\/radiostudiow.com.br\/site\/wp-json\/wp\/v2\/posts"}],"about":[{"href":"https:\/\/radiostudiow.com.br\/site\/wp-json\/wp\/v2\/types\/post"}],"author":[{"embeddable":true,"href":"https:\/\/radiostudiow.com.br\/site\/wp-json\/wp\/v2\/users\/2"}],"replies":[{"embeddable":true,"href":"https:\/\/radiostudiow.com.br\/site\/wp-json\/wp\/v2\/comments?post=23504"}],"version-history":[{"count":2,"href":"https:\/\/radiostudiow.com.br\/site\/wp-json\/wp\/v2\/posts\/23504\/revisions"}],"predecessor-version":[{"id":23534,"href":"https:\/\/radiostudiow.com.br\/site\/wp-json\/wp\/v2\/posts\/23504\/revisions\/23534"}],"wp:featuredmedia":[{"embeddable":true,"href":"https:\/\/radiostudiow.com.br\/site\/wp-json\/wp\/v2\/media\/19871"}],"wp:attachment":[{"href":"https:\/\/radiostudiow.com.br\/site\/wp-json\/wp\/v2\/media?parent=23504"}],"wp:term":[{"taxonomy":"category","embeddable":true,"href":"https:\/\/radiostudiow.com.br\/site\/wp-json\/wp\/v2\/categories?post=23504"},{"taxonomy":"post_tag","embeddable":true,"href":"https:\/\/radiostudiow.com.br\/site\/wp-json\/wp\/v2\/tags?post=23504"}],"curies":[{"name":"wp","href":"https:\/\/api.w.org\/{rel}","templated":true}]}}