{"id":23514,"date":"2024-06-14T10:39:21","date_gmt":"2024-06-14T13:39:21","guid":{"rendered":"https:\/\/radiostudiow.com.br\/site\/?p=23514"},"modified":"2025-01-31T14:59:15","modified_gmt":"2025-01-31T17:59:15","slug":"caminhao-carregado-com-carga-de-gas-tomba-e-motorista-fica-preso-as-ferragens-na-br-476-em-sao-mateus-do-sul","status":"publish","type":"post","link":"https:\/\/radiostudiow.com.br\/site\/2024\/06\/14\/caminhao-carregado-com-carga-de-gas-tomba-e-motorista-fica-preso-as-ferragens-na-br-476-em-sao-mateus-do-sul\/","title":{"rendered":"Caminh\u00e3o carregado com carga de g\u00e1s tomba e motorista fica preso \u00e0s ferragens na BR-476 em S\u00e3o Mateus do Sul"},"content":{"rendered":"\n<p>O motorista de um caminh\u00e3o ficou preso as ferragens ap\u00f3s um tombamento na BR-476, na altura do quil\u00f4metro 303, pr\u00f3ximo ao Posto Amig\u00e3o na regi\u00e3o do Distrito de Fluvi\u00f3polis, em S\u00e3o Mateus do Sul, por volta de 6h45 desta sexta-feira (14).<\/p>\n\n\n\n<figure class=\"wp-block-image size-large\"><img loading=\"lazy\" decoding=\"async\" width=\"1024\" height=\"390\" src=\"https:\/\/radiostudiow.com.br\/site\/wp-content\/uploads\/2024\/06\/image-2-1024x390.png\" alt=\"\" class=\"wp-image-23309\" srcset=\"https:\/\/radiostudiow.com.br\/site\/wp-content\/uploads\/2024\/06\/image-2-1024x390.png 1024w, https:\/\/radiostudiow.com.br\/site\/wp-content\/uploads\/2024\/06\/image-2-300x114.png 300w, https:\/\/radiostudiow.com.br\/site\/wp-content\/uploads\/2024\/06\/image-2-768x292.png 768w, https:\/\/radiostudiow.com.br\/site\/wp-content\/uploads\/2024\/06\/image-2-1536x584.png 1536w, https:\/\/radiostudiow.com.br\/site\/wp-content\/uploads\/2024\/06\/image-2-2048x779.png 2048w\" sizes=\"auto, (max-width: 1024px) 100vw, 1024px\" \/><\/figure>\n\n\n\n<p>Segundo informa\u00e7\u00f5es do Corpo de Bombeiros, o ve\u00edculo transportava GLP (botij\u00f5es de g\u00e1s), e por conta do acidente houve vazamento de \u00f3leo diesel do tanque de combust\u00edvel do caminh\u00e3o. No local, foi prestado atendimento ao condutor que ficou preso as ferragens, sendo socorrido e encaminhado pela equipe do SAMU ao Pronto Atendimento Municipal de S\u00e3o Mateus do Sul.<\/p>\n\n\n\n<p>De acordo com informa\u00e7\u00f5es do Portal Clic Sul News, a Pol\u00edcia Rodovi\u00e1ria Federal (PRF) foi at\u00e9 o local por conta de uma tentativa de furto da carga de g\u00e1s no acidente.<\/p>\n\n\n\n<figure class=\"wp-block-image size-large\"><img loading=\"lazy\" decoding=\"async\" width=\"1024\" height=\"576\" src=\"https:\/\/radiostudiow.com.br\/site\/wp-content\/uploads\/2024\/06\/WhatsApp-Image-2024-06-14-at-08.56.54-1068x601-1-1024x576.jpeg\" alt=\"\" class=\"wp-image-23518\" srcset=\"https:\/\/radiostudiow.com.br\/site\/wp-content\/uploads\/2024\/06\/WhatsApp-Image-2024-06-14-at-08.56.54-1068x601-1-1024x576.jpeg 1024w, https:\/\/radiostudiow.com.br\/site\/wp-content\/uploads\/2024\/06\/WhatsApp-Image-2024-06-14-at-08.56.54-1068x601-1-300x169.jpeg 300w, https:\/\/radiostudiow.com.br\/site\/wp-content\/uploads\/2024\/06\/WhatsApp-Image-2024-06-14-at-08.56.54-1068x601-1-768x432.jpeg 768w, https:\/\/radiostudiow.com.br\/site\/wp-content\/uploads\/2024\/06\/WhatsApp-Image-2024-06-14-at-08.56.54-1068x601-1.jpeg 1068w\" sizes=\"auto, (max-width: 1024px) 100vw, 1024px\" \/><\/figure>\n\n\n\n<figure class=\"wp-block-image size-full\"><img loading=\"lazy\" decoding=\"async\" width=\"300\" height=\"180\" src=\"https:\/\/radiostudiow.com.br\/site\/wp-content\/uploads\/2024\/04\/SITE-PEQUENO.png\" alt=\"\" class=\"wp-image-21712\"\/><\/figure>\n\n\n\n<figure class=\"wp-block-gallery has-nested-images columns-default is-cropped wp-block-gallery-1 is-layout-flex wp-block-gallery-is-layout-flex\">\n<figure class=\"wp-block-image size-large\"><img loading=\"lazy\" decoding=\"async\" width=\"576\" height=\"1024\" data-id=\"23517\" src=\"https:\/\/radiostudiow.com.br\/site\/wp-content\/uploads\/2024\/06\/WhatsApp-Image-2024-06-14-at-08.56.54-1-696x1238-1-576x1024.jpeg\" alt=\"\" class=\"wp-image-23517\" srcset=\"https:\/\/radiostudiow.com.br\/site\/wp-content\/uploads\/2024\/06\/WhatsApp-Image-2024-06-14-at-08.56.54-1-696x1238-1-576x1024.jpeg 576w, https:\/\/radiostudiow.com.br\/site\/wp-content\/uploads\/2024\/06\/WhatsApp-Image-2024-06-14-at-08.56.54-1-696x1238-1-169x300.jpeg 169w, https:\/\/radiostudiow.com.br\/site\/wp-content\/uploads\/2024\/06\/WhatsApp-Image-2024-06-14-at-08.56.54-1-696x1238-1.jpeg 696w\" sizes=\"auto, (max-width: 576px) 100vw, 576px\" \/><\/figure>\n\n\n\n<figure class=\"wp-block-image size-large\"><img loading=\"lazy\" decoding=\"async\" width=\"576\" height=\"1024\" data-id=\"23516\" src=\"https:\/\/radiostudiow.com.br\/site\/wp-content\/uploads\/2024\/06\/WhatsApp-Image-2024-06-14-at-08.56.54-2-696x1237-1-576x1024.jpeg\" alt=\"\" class=\"wp-image-23516\" srcset=\"https:\/\/radiostudiow.com.br\/site\/wp-content\/uploads\/2024\/06\/WhatsApp-Image-2024-06-14-at-08.56.54-2-696x1237-1-576x1024.jpeg 576w, https:\/\/radiostudiow.com.br\/site\/wp-content\/uploads\/2024\/06\/WhatsApp-Image-2024-06-14-at-08.56.54-2-696x1237-1-169x300.jpeg 169w, https:\/\/radiostudiow.com.br\/site\/wp-content\/uploads\/2024\/06\/WhatsApp-Image-2024-06-14-at-08.56.54-2-696x1237-1.jpeg 696w\" sizes=\"auto, (max-width: 576px) 100vw, 576px\" \/><\/figure>\n<\/figure>\n","protected":false},"excerpt":{"rendered":"<p>O motorista de um caminh\u00e3o ficou preso as ferragens ap\u00f3s um tombamento na BR-476, na altura do quil\u00f4metro 303, pr\u00f3ximo ao Posto Amig\u00e3o na regi\u00e3o do Distrito de Fluvi\u00f3polis, em S\u00e3o Mateus do Sul, por volta de 6h45 desta sexta-feira (14). Segundo informa\u00e7\u00f5es do Corpo de Bombeiros, o ve\u00edculo transportava GLP (botij\u00f5es de g\u00e1s), e [&hellip;]<\/p>\n","protected":false},"author":2,"featured_media":23515,"comment_status":"open","ping_status":"open","sticky":false,"template":"","format":"standard","meta":{"footnotes":""},"categories":[185],"tags":[172],"class_list":["post-23514","post","type-post","status-publish","format-standard","has-post-thumbnail","hentry","category-regional","tag-featured"],"amp_enabled":true,"_links":{"self":[{"href":"https:\/\/radiostudiow.com.br\/site\/wp-json\/wp\/v2\/posts\/23514","targetHints":{"allow":["GET"]}}],"collection":[{"href":"https:\/\/radiostudiow.com.br\/site\/wp-json\/wp\/v2\/posts"}],"about":[{"href":"https:\/\/radiostudiow.com.br\/site\/wp-json\/wp\/v2\/types\/post"}],"author":[{"embeddable":true,"href":"https:\/\/radiostudiow.com.br\/site\/wp-json\/wp\/v2\/users\/2"}],"replies":[{"embeddable":true,"href":"https:\/\/radiostudiow.com.br\/site\/wp-json\/wp\/v2\/comments?post=23514"}],"version-history":[{"count":1,"href":"https:\/\/radiostudiow.com.br\/site\/wp-json\/wp\/v2\/posts\/23514\/revisions"}],"predecessor-version":[{"id":23519,"href":"https:\/\/radiostudiow.com.br\/site\/wp-json\/wp\/v2\/posts\/23514\/revisions\/23519"}],"wp:featuredmedia":[{"embeddable":true,"href":"https:\/\/radiostudiow.com.br\/site\/wp-json\/wp\/v2\/media\/23515"}],"wp:attachment":[{"href":"https:\/\/radiostudiow.com.br\/site\/wp-json\/wp\/v2\/media?parent=23514"}],"wp:term":[{"taxonomy":"category","embeddable":true,"href":"https:\/\/radiostudiow.com.br\/site\/wp-json\/wp\/v2\/categories?post=23514"},{"taxonomy":"post_tag","embeddable":true,"href":"https:\/\/radiostudiow.com.br\/site\/wp-json\/wp\/v2\/tags?post=23514"}],"curies":[{"name":"wp","href":"https:\/\/api.w.org\/{rel}","templated":true}]}}