{"id":23537,"date":"2024-06-15T11:47:48","date_gmt":"2024-06-15T14:47:48","guid":{"rendered":"https:\/\/radiostudiow.com.br\/site\/?p=23537"},"modified":"2025-01-31T14:59:15","modified_gmt":"2025-01-31T17:59:15","slug":"policia-militar-de-mallet-e-rio-azul-recuperam-veiculo-furtado-em-br-153","status":"publish","type":"post","link":"https:\/\/radiostudiow.com.br\/site\/2024\/06\/15\/policia-militar-de-mallet-e-rio-azul-recuperam-veiculo-furtado-em-br-153\/","title":{"rendered":"Pol\u00edcia Militar de Mallet e Rio Azul recuperam ve\u00edculo furtado em BR-153"},"content":{"rendered":"\n<p>A equipe da Pol\u00edcia Militar tomou conhecimento de alerta de ve\u00edculo furtado, gerado pela Pol\u00edcia Civil de Mallet.<\/p>\n\n\n\n<figure class=\"wp-block-image size-full\"><img loading=\"lazy\" decoding=\"async\" width=\"598\" height=\"204\" src=\"https:\/\/radiostudiow.com.br\/site\/wp-content\/uploads\/2024\/04\/image-29.png\" alt=\"\" class=\"wp-image-21283\" srcset=\"https:\/\/radiostudiow.com.br\/site\/wp-content\/uploads\/2024\/04\/image-29.png 598w, https:\/\/radiostudiow.com.br\/site\/wp-content\/uploads\/2024\/04\/image-29-300x102.png 300w\" sizes=\"auto, (max-width: 598px) 100vw, 598px\" \/><\/figure>\n\n\n\n<p>De posse das informa\u00e7\u00f5es e da poss\u00edvel localiza\u00e7\u00e3o do ve\u00edculo a equipe policial iniciou as buscas, localizando o carro na BR-153 por volta das 18 horas dessa sexta-feira (14).<\/p>\n\n\n\n<p>De imediato a equipe passaram informa\u00e7\u00f5es para a Pol\u00edcia Militar de Rio Azul, sendo poss\u00edvel a sua abordagem. O condutor foi preso e encaminhado \u00e0 central de flagrantes em Uni\u00e3o da Vit\u00f3ria e o ve\u00edculo foi recuperado.<\/p>\n","protected":false},"excerpt":{"rendered":"<p>A equipe da Pol\u00edcia Militar tomou conhecimento de alerta de ve\u00edculo furtado, gerado pela Pol\u00edcia Civil de Mallet. De posse das informa\u00e7\u00f5es e da poss\u00edvel localiza\u00e7\u00e3o do ve\u00edculo a equipe policial iniciou as buscas, localizando o carro na BR-153 por volta das 18 horas dessa sexta-feira (14). De imediato a equipe passaram informa\u00e7\u00f5es para a [&hellip;]<\/p>\n","protected":false},"author":2,"featured_media":23538,"comment_status":"open","ping_status":"open","sticky":false,"template":"","format":"standard","meta":{"footnotes":""},"categories":[2],"tags":[172],"class_list":["post-23537","post","type-post","status-publish","format-standard","has-post-thumbnail","hentry","category-policial","tag-featured"],"amp_enabled":true,"_links":{"self":[{"href":"https:\/\/radiostudiow.com.br\/site\/wp-json\/wp\/v2\/posts\/23537","targetHints":{"allow":["GET"]}}],"collection":[{"href":"https:\/\/radiostudiow.com.br\/site\/wp-json\/wp\/v2\/posts"}],"about":[{"href":"https:\/\/radiostudiow.com.br\/site\/wp-json\/wp\/v2\/types\/post"}],"author":[{"embeddable":true,"href":"https:\/\/radiostudiow.com.br\/site\/wp-json\/wp\/v2\/users\/2"}],"replies":[{"embeddable":true,"href":"https:\/\/radiostudiow.com.br\/site\/wp-json\/wp\/v2\/comments?post=23537"}],"version-history":[{"count":2,"href":"https:\/\/radiostudiow.com.br\/site\/wp-json\/wp\/v2\/posts\/23537\/revisions"}],"predecessor-version":[{"id":23551,"href":"https:\/\/radiostudiow.com.br\/site\/wp-json\/wp\/v2\/posts\/23537\/revisions\/23551"}],"wp:featuredmedia":[{"embeddable":true,"href":"https:\/\/radiostudiow.com.br\/site\/wp-json\/wp\/v2\/media\/23538"}],"wp:attachment":[{"href":"https:\/\/radiostudiow.com.br\/site\/wp-json\/wp\/v2\/media?parent=23537"}],"wp:term":[{"taxonomy":"category","embeddable":true,"href":"https:\/\/radiostudiow.com.br\/site\/wp-json\/wp\/v2\/categories?post=23537"},{"taxonomy":"post_tag","embeddable":true,"href":"https:\/\/radiostudiow.com.br\/site\/wp-json\/wp\/v2\/tags?post=23537"}],"curies":[{"name":"wp","href":"https:\/\/api.w.org\/{rel}","templated":true}]}}