{"id":2354,"date":"2021-06-08T09:59:46","date_gmt":"2021-06-08T12:59:46","guid":{"rendered":"https:\/\/radiostudiow.com.br\/site\/?p=2354"},"modified":"2025-01-15T11:47:15","modified_gmt":"2025-01-15T14:47:15","slug":"motoqueiro-da-trabalho-mas-e-contido-pela-policia-militar","status":"publish","type":"post","link":"https:\/\/radiostudiow.com.br\/site\/2021\/06\/08\/motoqueiro-da-trabalho-mas-e-contido-pela-policia-militar\/","title":{"rendered":"MOTOQUEIRO D\u00c1 TRABALHO, MAS \u00c9 CONTIDO PELA POL\u00cdCIA MILITAR EM RIO AZUL"},"content":{"rendered":"\n<p>A Pol\u00edcia Militar de Rio Azul teve muito trabalho para conter um homem inabilitado, que trafegava pela cidade em uma motocicleta com impostos e pend\u00eancias atrasadas desde 2014.<\/p>\n\n\n\n<p>Durante patrulhamento pela Rua Jacob Burko, por volta das 13:20 horas desta segunda-feira, 07 de junho, um motoqueiro ao avistar o carro policial fez o retorno e se evadiu. Os policiais iniciaram o acompanhamento e deram ordem de parada com sinais sonoros, luminosos e gestuais, mas o condutor n\u00e3o acatou.<\/p>\n\n\n\n<p>Na fuga, o indiv\u00edduo cruzou vias preferenciais em alta velocidade. Tamb\u00e9m trafegou por cal\u00e7adas levando perigo para alguns pedestres que caminhavam acompanhados de crian\u00e7as. Na sequ\u00eancia, deu v\u00e1rias voltas numa quadra, mas caiu ap\u00f3s saltar uma lombada.<\/p>\n\n\n\n<p>Na abordagem, o condutor ofereceu resist\u00eancia, sendo necess\u00e1rio o uso moderado de for\u00e7a e algemas para cont\u00ea-lo. Ap\u00f3s a identifica\u00e7\u00e3o, nos levantamentos foi verificado que \u00e9 inabilitado e a motocicleta Honda CG, cor vermelha, possui d\u00e9bitos e pend\u00eancias em sua documenta\u00e7\u00e3o desde o ano de 2014.<\/p>\n\n\n\n<p>O ve\u00edculo foi recolhido ao p\u00e1tio do Destacamento da PM e o condutor levado para ser enquadrado em Termo Circunstanciado.<\/p>\n\n\n\n<figure class=\"wp-block-image size-large\"><img decoding=\"async\" src=\"https:\/\/radiostudiow.com.br\/site\/wp-content\/uploads\/2021\/02\/WRNET.jpg\" alt=\"\" class=\"wp-image-662\"\/><\/figure>\n","protected":false},"excerpt":{"rendered":"<p>A Pol\u00edcia Militar de Rio Azul teve muito trabalho para conter um homem inabilitado, que trafegava pela cidade em uma motocicleta com impostos e pend\u00eancias atrasadas desde 2014. Durante patrulhamento pela Rua Jacob Burko, por volta das 13:20 horas desta segunda-feira, 07 de junho, um motoqueiro ao avistar o carro policial fez o retorno e [&hellip;]<\/p>\n","protected":false},"author":2,"featured_media":1572,"comment_status":"open","ping_status":"open","sticky":false,"template":"","format":"standard","meta":{"footnotes":""},"categories":[2,185],"tags":[172],"class_list":["post-2354","post","type-post","status-publish","format-standard","has-post-thumbnail","hentry","category-policial","category-regional","tag-featured"],"amp_enabled":true,"_links":{"self":[{"href":"https:\/\/radiostudiow.com.br\/site\/wp-json\/wp\/v2\/posts\/2354","targetHints":{"allow":["GET"]}}],"collection":[{"href":"https:\/\/radiostudiow.com.br\/site\/wp-json\/wp\/v2\/posts"}],"about":[{"href":"https:\/\/radiostudiow.com.br\/site\/wp-json\/wp\/v2\/types\/post"}],"author":[{"embeddable":true,"href":"https:\/\/radiostudiow.com.br\/site\/wp-json\/wp\/v2\/users\/2"}],"replies":[{"embeddable":true,"href":"https:\/\/radiostudiow.com.br\/site\/wp-json\/wp\/v2\/comments?post=2354"}],"version-history":[{"count":3,"href":"https:\/\/radiostudiow.com.br\/site\/wp-json\/wp\/v2\/posts\/2354\/revisions"}],"predecessor-version":[{"id":2361,"href":"https:\/\/radiostudiow.com.br\/site\/wp-json\/wp\/v2\/posts\/2354\/revisions\/2361"}],"wp:featuredmedia":[{"embeddable":true,"href":"https:\/\/radiostudiow.com.br\/site\/wp-json\/wp\/v2\/media\/1572"}],"wp:attachment":[{"href":"https:\/\/radiostudiow.com.br\/site\/wp-json\/wp\/v2\/media?parent=2354"}],"wp:term":[{"taxonomy":"category","embeddable":true,"href":"https:\/\/radiostudiow.com.br\/site\/wp-json\/wp\/v2\/categories?post=2354"},{"taxonomy":"post_tag","embeddable":true,"href":"https:\/\/radiostudiow.com.br\/site\/wp-json\/wp\/v2\/tags?post=2354"}],"curies":[{"name":"wp","href":"https:\/\/api.w.org\/{rel}","templated":true}]}}