{"id":23540,"date":"2024-06-15T09:58:36","date_gmt":"2024-06-15T12:58:36","guid":{"rendered":"https:\/\/radiostudiow.com.br\/site\/?p=23540"},"modified":"2025-01-31T14:59:15","modified_gmt":"2025-01-31T17:59:15","slug":"moradora-de-paula-freitas-procura-a-policia-apos-furto-em-residencia","status":"publish","type":"post","link":"https:\/\/radiostudiow.com.br\/site\/2024\/06\/15\/moradora-de-paula-freitas-procura-a-policia-apos-furto-em-residencia\/","title":{"rendered":"Moradora de Paula Freitas procura a pol\u00edcia ap\u00f3s furto em resid\u00eancia"},"content":{"rendered":"\n<p>Uma mulher compareceu ao Pelot\u00e3o da Pol\u00edcia Militar de Paula Freitas nessa sexta-feira, 14 de junho, para relatar uma situa\u00e7\u00e3o de furto.<\/p>\n\n\n\n<figure class=\"wp-block-image size-large\"><img loading=\"lazy\" decoding=\"async\" width=\"1024\" height=\"315\" src=\"https:\/\/radiostudiow.com.br\/site\/wp-content\/uploads\/2024\/05\/86471-banner-site-1950x600-1-1024x315.png\" alt=\"\" class=\"wp-image-23086\" srcset=\"https:\/\/radiostudiow.com.br\/site\/wp-content\/uploads\/2024\/05\/86471-banner-site-1950x600-1-1024x315.png 1024w, https:\/\/radiostudiow.com.br\/site\/wp-content\/uploads\/2024\/05\/86471-banner-site-1950x600-1-300x92.png 300w, https:\/\/radiostudiow.com.br\/site\/wp-content\/uploads\/2024\/05\/86471-banner-site-1950x600-1-768x236.png 768w, https:\/\/radiostudiow.com.br\/site\/wp-content\/uploads\/2024\/05\/86471-banner-site-1950x600-1-1536x473.png 1536w, https:\/\/radiostudiow.com.br\/site\/wp-content\/uploads\/2024\/05\/86471-banner-site-1950x600-1.png 1950w\" sizes=\"auto, (max-width: 1024px) 100vw, 1024px\" \/><\/figure>\n\n\n\n<p>De acordo com a solicitante, o seu caseiro a informou que do interior da resid\u00eancia foram furtados um fog\u00e3o a lenha, um aquecedor e um botij\u00e3o de g\u00e1s.<\/p>\n\n\n\n<p>Diante da situa\u00e7\u00e3o a equipe policial orientou a solicitante quanto procedimentos cab\u00edveis a serem adotados.<\/p>\n","protected":false},"excerpt":{"rendered":"<p>Uma mulher compareceu ao Pelot\u00e3o da Pol\u00edcia Militar de Paula Freitas nessa sexta-feira, 14 de junho, para relatar uma situa\u00e7\u00e3o de furto. De acordo com a solicitante, o seu caseiro a informou que do interior da resid\u00eancia foram furtados um fog\u00e3o a lenha, um aquecedor e um botij\u00e3o de g\u00e1s. Diante da situa\u00e7\u00e3o a equipe [&hellip;]<\/p>\n","protected":false},"author":2,"featured_media":13898,"comment_status":"open","ping_status":"open","sticky":false,"template":"","format":"standard","meta":{"footnotes":""},"categories":[2],"tags":[172],"class_list":["post-23540","post","type-post","status-publish","format-standard","has-post-thumbnail","hentry","category-policial","tag-featured"],"amp_enabled":true,"_links":{"self":[{"href":"https:\/\/radiostudiow.com.br\/site\/wp-json\/wp\/v2\/posts\/23540","targetHints":{"allow":["GET"]}}],"collection":[{"href":"https:\/\/radiostudiow.com.br\/site\/wp-json\/wp\/v2\/posts"}],"about":[{"href":"https:\/\/radiostudiow.com.br\/site\/wp-json\/wp\/v2\/types\/post"}],"author":[{"embeddable":true,"href":"https:\/\/radiostudiow.com.br\/site\/wp-json\/wp\/v2\/users\/2"}],"replies":[{"embeddable":true,"href":"https:\/\/radiostudiow.com.br\/site\/wp-json\/wp\/v2\/comments?post=23540"}],"version-history":[{"count":1,"href":"https:\/\/radiostudiow.com.br\/site\/wp-json\/wp\/v2\/posts\/23540\/revisions"}],"predecessor-version":[{"id":23541,"href":"https:\/\/radiostudiow.com.br\/site\/wp-json\/wp\/v2\/posts\/23540\/revisions\/23541"}],"wp:featuredmedia":[{"embeddable":true,"href":"https:\/\/radiostudiow.com.br\/site\/wp-json\/wp\/v2\/media\/13898"}],"wp:attachment":[{"href":"https:\/\/radiostudiow.com.br\/site\/wp-json\/wp\/v2\/media?parent=23540"}],"wp:term":[{"taxonomy":"category","embeddable":true,"href":"https:\/\/radiostudiow.com.br\/site\/wp-json\/wp\/v2\/categories?post=23540"},{"taxonomy":"post_tag","embeddable":true,"href":"https:\/\/radiostudiow.com.br\/site\/wp-json\/wp\/v2\/tags?post=23540"}],"curies":[{"name":"wp","href":"https:\/\/api.w.org\/{rel}","templated":true}]}}