{"id":23545,"date":"2024-06-15T10:45:43","date_gmt":"2024-06-15T13:45:43","guid":{"rendered":"https:\/\/radiostudiow.com.br\/site\/?p=23545"},"modified":"2025-01-31T14:59:15","modified_gmt":"2025-01-31T17:59:15","slug":"junho-violeta-15-de-junho-dia-mundial-de-conscientizacao-da-violencia-contra-a-pessoa-idosa","status":"publish","type":"post","link":"https:\/\/radiostudiow.com.br\/site\/2024\/06\/15\/junho-violeta-15-de-junho-dia-mundial-de-conscientizacao-da-violencia-contra-a-pessoa-idosa\/","title":{"rendered":"JUNHO VIOLETA \u2013 15 de Junho: Dia Mundial de Conscientiza\u00e7\u00e3o da Viol\u00eancia Contra a Pessoa Idosa"},"content":{"rendered":"\n<p>O Governo do Paran\u00e1 participa do Junho Violeta, data institu\u00edda pela Organiza\u00e7\u00e3o das Na\u00e7\u00f5es Unidas (ONU) de combate e conscientiza\u00e7\u00e3o contra a viol\u00eancia \u00e0 pessoa idosa. A a\u00e7\u00e3o ser\u00e1 com campanha publicit\u00e1ria educativa orientando a popula\u00e7\u00e3o sobre uma s\u00e9rie de crimes contra o idoso. A campanha tamb\u00e9m visa orientar a popula\u00e7\u00e3o para que denuncie maus-tratos contra idosos.<\/p>\n\n\n\n<p><em><strong>\u201cN\u00e3o podemos nos calar. Muitas vezes as pessoas idosas sofrem em sil\u00eancio e toda essa mobiliza\u00e7\u00e3o se faz necess\u00e1ria para que essas viol\u00eancias, abandono e discrimina\u00e7\u00e3o n\u00e3o cres\u00e7am. A campanha vem refor\u00e7ar toda a luta que temos em prol das pessoas idosas\u201d, <\/strong>enfatiza a secretaria de Estado da Mulher, Igualdade Racial e Pessoa Idosa, Leandre Dal Ponte, cuja pasta lidera a campanha.<\/em><\/p>\n\n\n\n<figure class=\"wp-block-image size-full\"><img decoding=\"async\" src=\"https:\/\/radiostudiow.com.br\/site\/wp-content\/uploads\/2024\/04\/SITE-MEDIO.png\" alt=\"\" class=\"wp-image-21854\"\/><\/figure>\n\n\n\n<p>Entre as ocorr\u00eancias que se enquadram como viol\u00eancia contra o idoso est\u00e3o abandono, agress\u00f5es f\u00edsicas e verbais, discrimina\u00e7\u00e3o, neglig\u00eancia entre outras. A campanha liderada pela Secretaria de Estado da Mulher, Igualdade Racial e Pessoa Idosa (Semipi), com apoio do Conselho Estadual dos Direitos da Pessoa Idosa,\u00a0vai refor\u00e7ar para que a popula\u00e7\u00e3o denuncie crimes contra a pessoa idosa por meio de dois telefones.<\/p>\n\n\n\n<h2 class=\"wp-block-heading\">Um deles \u00e9 o Disque 100, servi\u00e7o que atende den\u00fancias de viola\u00e7\u00f5es de direitos humanos contra idosos e outros p\u00fablicos, como a popula\u00e7\u00e3o LGBT, popula\u00e7\u00e3o em situa\u00e7\u00e3o de rua, pessoas com defici\u00eancia, entre outras.\u00a0O\u00a0Disque 100\u00a0funciona diariamente,\u00a024 horas por dia, incluindo s\u00e1bados, domingos e feriados. Outra forma de denunciar \u00e9 pelo Disque Idoso Paran\u00e1, no n\u00famero 0800 141 0001. Todas as liga\u00e7\u00f5es para o Disque Idoso s\u00e3o sigilosas e podem ser feitas de segunda a sexta-feira, das 8h30 \u00e0s 17h30<\/h2>\n\n\n\n<figure class=\"wp-block-image size-full\"><img loading=\"lazy\" decoding=\"async\" width=\"897\" height=\"204\" src=\"https:\/\/radiostudiow.com.br\/site\/wp-content\/uploads\/2024\/04\/image-18.png\" alt=\"\" class=\"wp-image-21207\" srcset=\"https:\/\/radiostudiow.com.br\/site\/wp-content\/uploads\/2024\/04\/image-18.png 897w, https:\/\/radiostudiow.com.br\/site\/wp-content\/uploads\/2024\/04\/image-18-300x68.png 300w, https:\/\/radiostudiow.com.br\/site\/wp-content\/uploads\/2024\/04\/image-18-768x175.png 768w\" sizes=\"auto, (max-width: 897px) 100vw, 897px\" \/><\/figure>\n\n\n\n<p>A viol\u00eancia contra o idoso pode ser definida como um ato \u00fanico, repetido ou a falta de a\u00e7\u00e3o apropriada, ocorrendo em qualquer relacionamento no qual exista uma expectativa de confian\u00e7a que cause dano ou sofrimento a algum representante desse p\u00fablico.<\/p>\n\n\n\n<p>Em 15 de junho se celebra o Dia Mundial de Conscientiza\u00e7\u00e3o da Viol\u00eancia Contra a Pessoa Idosa. A data foi oficialmente reconhecido pela Assembleia Geral das ONU em 2011, ap\u00f3s solicita\u00e7\u00e3o da Rede Internacional de Preven\u00e7\u00e3o ao Abuso de Idosos (Inpea), que estabeleceu a comemora\u00e7\u00e3o em junho de 2006.<\/p>\n","protected":false},"excerpt":{"rendered":"<p>O Governo do Paran\u00e1 participa do Junho Violeta, data institu\u00edda pela Organiza\u00e7\u00e3o das Na\u00e7\u00f5es Unidas (ONU) de combate e conscientiza\u00e7\u00e3o contra a viol\u00eancia \u00e0 pessoa idosa. A a\u00e7\u00e3o ser\u00e1 com campanha publicit\u00e1ria educativa orientando a popula\u00e7\u00e3o sobre uma s\u00e9rie de crimes contra o idoso. A campanha tamb\u00e9m visa orientar a popula\u00e7\u00e3o para que denuncie maus-tratos [&hellip;]<\/p>\n","protected":false},"author":2,"featured_media":23546,"comment_status":"open","ping_status":"open","sticky":false,"template":"","format":"standard","meta":{"footnotes":""},"categories":[7],"tags":[172],"class_list":["post-23545","post","type-post","status-publish","format-standard","has-post-thumbnail","hentry","category-geral","tag-featured"],"amp_enabled":true,"_links":{"self":[{"href":"https:\/\/radiostudiow.com.br\/site\/wp-json\/wp\/v2\/posts\/23545","targetHints":{"allow":["GET"]}}],"collection":[{"href":"https:\/\/radiostudiow.com.br\/site\/wp-json\/wp\/v2\/posts"}],"about":[{"href":"https:\/\/radiostudiow.com.br\/site\/wp-json\/wp\/v2\/types\/post"}],"author":[{"embeddable":true,"href":"https:\/\/radiostudiow.com.br\/site\/wp-json\/wp\/v2\/users\/2"}],"replies":[{"embeddable":true,"href":"https:\/\/radiostudiow.com.br\/site\/wp-json\/wp\/v2\/comments?post=23545"}],"version-history":[{"count":1,"href":"https:\/\/radiostudiow.com.br\/site\/wp-json\/wp\/v2\/posts\/23545\/revisions"}],"predecessor-version":[{"id":23547,"href":"https:\/\/radiostudiow.com.br\/site\/wp-json\/wp\/v2\/posts\/23545\/revisions\/23547"}],"wp:featuredmedia":[{"embeddable":true,"href":"https:\/\/radiostudiow.com.br\/site\/wp-json\/wp\/v2\/media\/23546"}],"wp:attachment":[{"href":"https:\/\/radiostudiow.com.br\/site\/wp-json\/wp\/v2\/media?parent=23545"}],"wp:term":[{"taxonomy":"category","embeddable":true,"href":"https:\/\/radiostudiow.com.br\/site\/wp-json\/wp\/v2\/categories?post=23545"},{"taxonomy":"post_tag","embeddable":true,"href":"https:\/\/radiostudiow.com.br\/site\/wp-json\/wp\/v2\/tags?post=23545"}],"curies":[{"name":"wp","href":"https:\/\/api.w.org\/{rel}","templated":true}]}}