{"id":23554,"date":"2024-06-15T12:12:14","date_gmt":"2024-06-15T15:12:14","guid":{"rendered":"https:\/\/radiostudiow.com.br\/site\/?p=23554"},"modified":"2025-01-31T14:59:15","modified_gmt":"2025-01-31T17:59:15","slug":"aprovada-a-fusao-da-unespar-com-a-uniuv","status":"publish","type":"post","link":"https:\/\/radiostudiow.com.br\/site\/2024\/06\/15\/aprovada-a-fusao-da-unespar-com-a-uniuv\/","title":{"rendered":"Aprovada a fus\u00e3o da Unespar com a Uniuv"},"content":{"rendered":"\n<p>O Conselho Universit\u00e1rio da Unespar aprovou no in\u00edcio da noite desta quinta-feira, dia 13 de junho, a estadualiza\u00e7\u00e3o da Uniuv por meio de uma fus\u00e3o com a institui\u00e7\u00e3o. A not\u00edcia foi revelada pelo L\u00edder do Governo na Assembleia Legislativa, deputado estadual Hussein Bakri.<\/p>\n\n\n\n<figure class=\"wp-block-image size-large\"><img loading=\"lazy\" decoding=\"async\" width=\"1024\" height=\"390\" src=\"https:\/\/radiostudiow.com.br\/site\/wp-content\/uploads\/2024\/06\/image-2-1024x390.png\" alt=\"\" class=\"wp-image-23309\" srcset=\"https:\/\/radiostudiow.com.br\/site\/wp-content\/uploads\/2024\/06\/image-2-1024x390.png 1024w, https:\/\/radiostudiow.com.br\/site\/wp-content\/uploads\/2024\/06\/image-2-300x114.png 300w, https:\/\/radiostudiow.com.br\/site\/wp-content\/uploads\/2024\/06\/image-2-768x292.png 768w, https:\/\/radiostudiow.com.br\/site\/wp-content\/uploads\/2024\/06\/image-2-1536x584.png 1536w, https:\/\/radiostudiow.com.br\/site\/wp-content\/uploads\/2024\/06\/image-2-2048x779.png 2048w\" sizes=\"auto, (max-width: 1024px) 100vw, 1024px\" \/><\/figure>\n\n\n\n<p><strong><em>\u201cH\u00e1 pouco, recebi um telefonema do secret\u00e1rio de Ci\u00eancia, Tecnologia e Ensino Superior, Aldo Bona, que, ao lado do governador Ratinho Junior, foi um grande apoiador dessa conquista\u201d, <\/em><\/strong>relatou o deputado. <strong><em>\u201cAo longo das pr\u00f3ximas semanas, ser\u00e3o definidos e anunciados quais dos 14 cursos v\u00e3o ser incorporados nesta fus\u00e3o, de acordo com a demanda de alunos, a estrutura f\u00edsica de cada um e o or\u00e7amento disponibilizado pelo Estado, para que as gradua\u00e7\u00f5es absorvidas sejam ofertadas pela Unespar j\u00e1 a partir de 2025.\u201d<\/em><\/strong><\/p>\n\n\n\n<p>\u00c9 uma funda\u00e7\u00e3o municipal com 50 anos de exist\u00eancia, que atualmente enfrenta dificuldades financeiras mesmo cobrando mensalidade dos alunos por ter sido criada antes da Constitui\u00e7\u00e3o de 1988. Uma vez incorporada \u00e0 Unespar, os cursos passar\u00e3o a ser gratuitos dentro da rede de ensino superior do Estado.<\/p>\n\n\n\n<figure class=\"wp-block-image size-full\"><img loading=\"lazy\" decoding=\"async\" width=\"300\" height=\"180\" src=\"https:\/\/radiostudiow.com.br\/site\/wp-content\/uploads\/2024\/04\/image-26.png\" alt=\"\" class=\"wp-image-21279\"\/><\/figure>\n\n\n\n<p>Ocorrendo a incorpora\u00e7\u00e3o, haver\u00e1 um per\u00edodo de transi\u00e7\u00e3o, no qual ser\u00e3o mantidos por um tempo os professores e funcion\u00e1rios at\u00e9 que o Estado reponha o quadro com servidores concursados. Al\u00e9m disso, caso a Unespar opte por n\u00e3o absorver todos os cursos da Uniuv, ser\u00e3o mantidos os alunos j\u00e1 matriculados dos cursos que ser\u00e3o extintos at\u00e9 que eles se formem. J\u00e1 o patrim\u00f4nio f\u00edsico da Uniuv seria incorporado a partir da aprova\u00e7\u00e3o de uma lei municipal.<\/p>\n\n\n\n<p>\u201cEsse certamente ser\u00e1 um marco hist\u00f3rico para a regi\u00e3o, com a garantia de cursos gratuitos e de qualidade que v\u00e3o ajudar a desenvolver todo o Vale do Igua\u00e7u\u201d, comemora o deputado.<\/p>\n","protected":false},"excerpt":{"rendered":"<p>O Conselho Universit\u00e1rio da Unespar aprovou no in\u00edcio da noite desta quinta-feira, dia 13 de junho, a estadualiza\u00e7\u00e3o da Uniuv por meio de uma fus\u00e3o com a institui\u00e7\u00e3o. A not\u00edcia foi revelada pelo L\u00edder do Governo na Assembleia Legislativa, deputado estadual Hussein Bakri. \u201cH\u00e1 pouco, recebi um telefonema do secret\u00e1rio de Ci\u00eancia, Tecnologia e Ensino [&hellip;]<\/p>\n","protected":false},"author":2,"featured_media":23555,"comment_status":"open","ping_status":"open","sticky":false,"template":"","format":"standard","meta":{"footnotes":""},"categories":[7],"tags":[172],"class_list":["post-23554","post","type-post","status-publish","format-standard","has-post-thumbnail","hentry","category-geral","tag-featured"],"amp_enabled":true,"_links":{"self":[{"href":"https:\/\/radiostudiow.com.br\/site\/wp-json\/wp\/v2\/posts\/23554","targetHints":{"allow":["GET"]}}],"collection":[{"href":"https:\/\/radiostudiow.com.br\/site\/wp-json\/wp\/v2\/posts"}],"about":[{"href":"https:\/\/radiostudiow.com.br\/site\/wp-json\/wp\/v2\/types\/post"}],"author":[{"embeddable":true,"href":"https:\/\/radiostudiow.com.br\/site\/wp-json\/wp\/v2\/users\/2"}],"replies":[{"embeddable":true,"href":"https:\/\/radiostudiow.com.br\/site\/wp-json\/wp\/v2\/comments?post=23554"}],"version-history":[{"count":1,"href":"https:\/\/radiostudiow.com.br\/site\/wp-json\/wp\/v2\/posts\/23554\/revisions"}],"predecessor-version":[{"id":23556,"href":"https:\/\/radiostudiow.com.br\/site\/wp-json\/wp\/v2\/posts\/23554\/revisions\/23556"}],"wp:featuredmedia":[{"embeddable":true,"href":"https:\/\/radiostudiow.com.br\/site\/wp-json\/wp\/v2\/media\/23555"}],"wp:attachment":[{"href":"https:\/\/radiostudiow.com.br\/site\/wp-json\/wp\/v2\/media?parent=23554"}],"wp:term":[{"taxonomy":"category","embeddable":true,"href":"https:\/\/radiostudiow.com.br\/site\/wp-json\/wp\/v2\/categories?post=23554"},{"taxonomy":"post_tag","embeddable":true,"href":"https:\/\/radiostudiow.com.br\/site\/wp-json\/wp\/v2\/tags?post=23554"}],"curies":[{"name":"wp","href":"https:\/\/api.w.org\/{rel}","templated":true}]}}