{"id":23557,"date":"2024-06-15T12:17:20","date_gmt":"2024-06-15T15:17:20","guid":{"rendered":"https:\/\/radiostudiow.com.br\/site\/?p=23557"},"modified":"2025-01-31T14:59:15","modified_gmt":"2025-01-31T17:59:15","slug":"empresario-reage-a-assalto-e-atira-cinco-vezes-contra-homem-em-ponta-grossa","status":"publish","type":"post","link":"https:\/\/radiostudiow.com.br\/site\/2024\/06\/15\/empresario-reage-a-assalto-e-atira-cinco-vezes-contra-homem-em-ponta-grossa\/","title":{"rendered":"Empres\u00e1rio reage a assalto e atira cinco vezes contra homem em Ponta Grossa"},"content":{"rendered":"\n<p>Um assaltante, de 23 anos, foi socorrido em estado grave ao hospital ap\u00f3s ser baleado por um empres\u00e1rio, na tarde desta quinta-feira (13), em Ponta Grossa, nos Campos Gerais do Paran\u00e1. O criminoso foi atingido por cinco tiros, segundo a Pol\u00edcia Civil.<\/p>\n\n\n\n<figure class=\"wp-block-image size-full\"><img loading=\"lazy\" decoding=\"async\" width=\"897\" height=\"204\" src=\"https:\/\/radiostudiow.com.br\/site\/wp-content\/uploads\/2024\/04\/image-18.png\" alt=\"\" class=\"wp-image-21207\" srcset=\"https:\/\/radiostudiow.com.br\/site\/wp-content\/uploads\/2024\/04\/image-18.png 897w, https:\/\/radiostudiow.com.br\/site\/wp-content\/uploads\/2024\/04\/image-18-300x68.png 300w, https:\/\/radiostudiow.com.br\/site\/wp-content\/uploads\/2024\/04\/image-18-768x175.png 768w\" sizes=\"auto, (max-width: 897px) 100vw, 897px\" \/><\/figure>\n\n\n\n<p>Em v\u00eddeo registrado por uma c\u00e2mera de seguran\u00e7a, o suspeito aparece entrando na loja do empres\u00e1rio, que \u00e9 especializada em revenda e manuten\u00e7\u00e3o de celulares, por volta de 14h35. Com um capacete cobrindo o rosto, o homem entra no estabelecimento e saca uma arma.<em><strong> \u201cIsso \u00e9 um assalto\u201d,<\/strong> anuncia o suspeito.<\/em><\/p>\n\n\n\n<p>Em poucos segundos, ap\u00f3s se direcionar a uma mulher que estava atr\u00e1s de um balc\u00e3o, o criminoso \u00e9 baleado pelo empres\u00e1rio. O suspeito tentou correr, mas caiu no ch\u00e3o.<em> <strong>\u201cChama a pol\u00edcia\u201d, <\/strong>diz o autor dos disparos.<\/em> J\u00e1 no ch\u00e3o, <em>o suspeito diz: <strong>\u201cPor favor\u201d.<\/strong><\/em><br>Segundo a pol\u00edcia, a arma do empres\u00e1rio estava registrada e foi recolhida para passar por uma per\u00edcia. Os policiais tamb\u00e9m apreenderam o rev\u00f3lver que estava com o criminoso.<\/p>\n\n\n\n<figure class=\"wp-block-image size-full\"><img decoding=\"async\" src=\"https:\/\/radiostudiow.com.br\/site\/wp-content\/uploads\/2024\/04\/image-55.png\" alt=\"\" class=\"wp-image-21389\"\/><\/figure>\n\n\n\n<p><em><strong>\u201cO assaltante j\u00e1 tinha passagens pela pol\u00edcia e foi socorrido em estado grave. Ele segue internado no Hospital Regional de Ponta Grossa sob escolta. Foi autuado em flagrante por tentativa de roubo e passar\u00e1 por uma audi\u00eancia de cust\u00f3dia\u201d,<\/strong> disse o delegado Lucas Andrade.<br><\/em>De acordo com o delegado, a rea\u00e7\u00e3o do empres\u00e1rio \u00e9 <strong>\u201camparada pela leg\u00edtima defesa, causa de exclus\u00e3o da ilicitude\u201d.<\/strong><br>O caso segue sendo investigado.<\/p>\n\n\n\n<figure class=\"wp-block-video\"><video controls src=\"https:\/\/radiostudiow.com.br\/site\/wp-content\/uploads\/2024\/06\/RDX.mp4\"><\/video><\/figure>\n\n\n\n<p>Reportagem reprodu\u00e7\u00e3o Portal Banda B<\/p>\n","protected":false},"excerpt":{"rendered":"<p>Um assaltante, de 23 anos, foi socorrido em estado grave ao hospital ap\u00f3s ser baleado por um empres\u00e1rio, na tarde desta quinta-feira (13), em Ponta Grossa, nos Campos Gerais do Paran\u00e1. O criminoso foi atingido por cinco tiros, segundo a Pol\u00edcia Civil. Em v\u00eddeo registrado por uma c\u00e2mera de seguran\u00e7a, o suspeito aparece entrando na [&hellip;]<\/p>\n","protected":false},"author":2,"featured_media":23558,"comment_status":"open","ping_status":"open","sticky":false,"template":"","format":"standard","meta":{"footnotes":""},"categories":[2],"tags":[172],"class_list":["post-23557","post","type-post","status-publish","format-standard","has-post-thumbnail","hentry","category-policial","tag-featured"],"amp_enabled":true,"_links":{"self":[{"href":"https:\/\/radiostudiow.com.br\/site\/wp-json\/wp\/v2\/posts\/23557","targetHints":{"allow":["GET"]}}],"collection":[{"href":"https:\/\/radiostudiow.com.br\/site\/wp-json\/wp\/v2\/posts"}],"about":[{"href":"https:\/\/radiostudiow.com.br\/site\/wp-json\/wp\/v2\/types\/post"}],"author":[{"embeddable":true,"href":"https:\/\/radiostudiow.com.br\/site\/wp-json\/wp\/v2\/users\/2"}],"replies":[{"embeddable":true,"href":"https:\/\/radiostudiow.com.br\/site\/wp-json\/wp\/v2\/comments?post=23557"}],"version-history":[{"count":1,"href":"https:\/\/radiostudiow.com.br\/site\/wp-json\/wp\/v2\/posts\/23557\/revisions"}],"predecessor-version":[{"id":23560,"href":"https:\/\/radiostudiow.com.br\/site\/wp-json\/wp\/v2\/posts\/23557\/revisions\/23560"}],"wp:featuredmedia":[{"embeddable":true,"href":"https:\/\/radiostudiow.com.br\/site\/wp-json\/wp\/v2\/media\/23558"}],"wp:attachment":[{"href":"https:\/\/radiostudiow.com.br\/site\/wp-json\/wp\/v2\/media?parent=23557"}],"wp:term":[{"taxonomy":"category","embeddable":true,"href":"https:\/\/radiostudiow.com.br\/site\/wp-json\/wp\/v2\/categories?post=23557"},{"taxonomy":"post_tag","embeddable":true,"href":"https:\/\/radiostudiow.com.br\/site\/wp-json\/wp\/v2\/tags?post=23557"}],"curies":[{"name":"wp","href":"https:\/\/api.w.org\/{rel}","templated":true}]}}