{"id":23575,"date":"2024-06-17T18:54:17","date_gmt":"2024-06-17T21:54:17","guid":{"rendered":"https:\/\/radiostudiow.com.br\/site\/?p=23575"},"modified":"2025-01-31T14:59:14","modified_gmt":"2025-01-31T17:59:14","slug":"pm-de-cruz-machado-atendeu-ocorrencia-de-violencia-domestica","status":"publish","type":"post","link":"https:\/\/radiostudiow.com.br\/site\/2024\/06\/17\/pm-de-cruz-machado-atendeu-ocorrencia-de-violencia-domestica\/","title":{"rendered":"PM de Cruz Machado atendeu ocorr\u00eancia de viol\u00eancia dom\u00e9stica"},"content":{"rendered":"\n<p>Uma moradora da localidade de Linha Palmeirinha Sul compareceu ao Pelot\u00e3o da Pol\u00edcia Militar de Cruz Machado para relatar uma situa\u00e7\u00e3o de viol\u00eancia dom\u00e9stica por volta das 110 horas deste domingo (16).<\/p>\n\n\n\n<figure class=\"wp-block-image size-full\"><img loading=\"lazy\" decoding=\"async\" width=\"598\" height=\"204\" src=\"https:\/\/radiostudiow.com.br\/site\/wp-content\/uploads\/2024\/04\/image-29.png\" alt=\"\" class=\"wp-image-21283\" srcset=\"https:\/\/radiostudiow.com.br\/site\/wp-content\/uploads\/2024\/04\/image-29.png 598w, https:\/\/radiostudiow.com.br\/site\/wp-content\/uploads\/2024\/04\/image-29-300x102.png 300w\" sizes=\"auto, (max-width: 598px) 100vw, 598px\" \/><\/figure>\n\n\n\n<p>Ela informou que seu irm\u00e3o, frequentemente demonstrando instabilidade mental, vem apresentando comportamento agressivo desde a separa\u00e7\u00e3o com sua ex-mulher, gerando medo na fam\u00edlia.<\/p>\n\n\n\n<p>A v\u00edtima foi orientada sobre as medidas a serem tomadas.<\/p>\n","protected":false},"excerpt":{"rendered":"<p>Uma moradora da localidade de Linha Palmeirinha Sul compareceu ao Pelot\u00e3o da Pol\u00edcia Militar de Cruz Machado para relatar uma situa\u00e7\u00e3o de viol\u00eancia dom\u00e9stica por volta das 110 horas deste domingo (16). Ela informou que seu irm\u00e3o, frequentemente demonstrando instabilidade mental, vem apresentando comportamento agressivo desde a separa\u00e7\u00e3o com sua ex-mulher, gerando medo na fam\u00edlia. [&hellip;]<\/p>\n","protected":false},"author":2,"featured_media":21681,"comment_status":"open","ping_status":"open","sticky":false,"template":"","format":"standard","meta":{"footnotes":""},"categories":[2],"tags":[172],"class_list":["post-23575","post","type-post","status-publish","format-standard","has-post-thumbnail","hentry","category-policial","tag-featured"],"amp_enabled":true,"_links":{"self":[{"href":"https:\/\/radiostudiow.com.br\/site\/wp-json\/wp\/v2\/posts\/23575","targetHints":{"allow":["GET"]}}],"collection":[{"href":"https:\/\/radiostudiow.com.br\/site\/wp-json\/wp\/v2\/posts"}],"about":[{"href":"https:\/\/radiostudiow.com.br\/site\/wp-json\/wp\/v2\/types\/post"}],"author":[{"embeddable":true,"href":"https:\/\/radiostudiow.com.br\/site\/wp-json\/wp\/v2\/users\/2"}],"replies":[{"embeddable":true,"href":"https:\/\/radiostudiow.com.br\/site\/wp-json\/wp\/v2\/comments?post=23575"}],"version-history":[{"count":4,"href":"https:\/\/radiostudiow.com.br\/site\/wp-json\/wp\/v2\/posts\/23575\/revisions"}],"predecessor-version":[{"id":23622,"href":"https:\/\/radiostudiow.com.br\/site\/wp-json\/wp\/v2\/posts\/23575\/revisions\/23622"}],"wp:featuredmedia":[{"embeddable":true,"href":"https:\/\/radiostudiow.com.br\/site\/wp-json\/wp\/v2\/media\/21681"}],"wp:attachment":[{"href":"https:\/\/radiostudiow.com.br\/site\/wp-json\/wp\/v2\/media?parent=23575"}],"wp:term":[{"taxonomy":"category","embeddable":true,"href":"https:\/\/radiostudiow.com.br\/site\/wp-json\/wp\/v2\/categories?post=23575"},{"taxonomy":"post_tag","embeddable":true,"href":"https:\/\/radiostudiow.com.br\/site\/wp-json\/wp\/v2\/tags?post=23575"}],"curies":[{"name":"wp","href":"https:\/\/api.w.org\/{rel}","templated":true}]}}