{"id":23579,"date":"2024-06-17T10:10:52","date_gmt":"2024-06-17T13:10:52","guid":{"rendered":"https:\/\/radiostudiow.com.br\/site\/?p=23579"},"modified":"2025-01-31T14:59:15","modified_gmt":"2025-01-31T17:59:15","slug":"homem-desaparecido-e-encontrado-morto-em-uniao-da-vitoria","status":"publish","type":"post","link":"https:\/\/radiostudiow.com.br\/site\/2024\/06\/17\/homem-desaparecido-e-encontrado-morto-em-uniao-da-vitoria\/","title":{"rendered":"Homem desaparecido \u00e9 encontrado morto em Uni\u00e3o da Vit\u00f3ria"},"content":{"rendered":"\n<p>Um homem identificado como Laureci Lopes, de 56 anos, foi encontrado sem vida no final da tarde deste s\u00e1bado, 15 de junho, no bairro S\u00e3o Sebasti\u00e3o em Uni\u00e3o da Vit\u00f3ria.<\/p>\n\n\n\n<figure class=\"wp-block-image size-full\"><img decoding=\"async\" src=\"https:\/\/radiostudiow.com.br\/site\/wp-content\/uploads\/2024\/04\/SITE-MEDIO.png\" alt=\"\" class=\"wp-image-21854\"\/><\/figure>\n\n\n\n<p>Segundo informa\u00e7\u00f5es, familiares de Laureci realizavam buscas intensas e pediam ajuda da comunidade para encontr\u00e1-lo, Laureci estava desaparecido desde a noite do \u00faltimo domingo (09), a Pol\u00edcia Civil de Uni\u00e3o da Vit\u00f3ria confirmou que um boletim de ocorr\u00eancia havia sido registrado.<\/p>\n\n\n\n<p> A v\u00edtima foi encontrada por um conhecido do senhor Laureci, em uma regi\u00e3o de mata com sinais de enforcamento. A pol\u00edcia isolou o local e acionou a criminal\u00edstica, a causa da morte ser\u00e1 investigada.<\/p>\n\n\n\n<p>O corpo foi encaminhado ao Instituto M\u00e9dico Legal (IML) para a realiza\u00e7\u00e3o de per\u00edcia.<\/p>\n\n\n\n<figure class=\"wp-block-image size-full\"><img loading=\"lazy\" decoding=\"async\" width=\"300\" height=\"180\" src=\"https:\/\/radiostudiow.com.br\/site\/wp-content\/uploads\/2024\/04\/SITE-PEQUENO-1.png\" alt=\"\" class=\"wp-image-21868\"\/><\/figure>\n\n\n\n<figure class=\"wp-block-image size-full\"><img loading=\"lazy\" decoding=\"async\" width=\"1024\" height=\"768\" src=\"https:\/\/radiostudiow.com.br\/site\/wp-content\/uploads\/2024\/06\/image-3.png\" alt=\"\" class=\"wp-image-23581\" srcset=\"https:\/\/radiostudiow.com.br\/site\/wp-content\/uploads\/2024\/06\/image-3.png 1024w, https:\/\/radiostudiow.com.br\/site\/wp-content\/uploads\/2024\/06\/image-3-300x225.png 300w, https:\/\/radiostudiow.com.br\/site\/wp-content\/uploads\/2024\/06\/image-3-768x576.png 768w\" sizes=\"auto, (max-width: 1024px) 100vw, 1024px\" \/><figcaption class=\"wp-element-caption\"><em>Local onde Laureci foi encontrado (Foto: Pol\u00edcia Civil)<\/em><\/figcaption><\/figure>\n","protected":false},"excerpt":{"rendered":"<p>Um homem identificado como Laureci Lopes, de 56 anos, foi encontrado sem vida no final da tarde deste s\u00e1bado, 15 de junho, no bairro S\u00e3o Sebasti\u00e3o em Uni\u00e3o da Vit\u00f3ria. Segundo informa\u00e7\u00f5es, familiares de Laureci realizavam buscas intensas e pediam ajuda da comunidade para encontr\u00e1-lo, Laureci estava desaparecido desde a noite do \u00faltimo domingo (09), [&hellip;]<\/p>\n","protected":false},"author":2,"featured_media":23580,"comment_status":"open","ping_status":"open","sticky":false,"template":"","format":"standard","meta":{"footnotes":""},"categories":[2],"tags":[172],"class_list":["post-23579","post","type-post","status-publish","format-standard","has-post-thumbnail","hentry","category-policial","tag-featured"],"amp_enabled":true,"_links":{"self":[{"href":"https:\/\/radiostudiow.com.br\/site\/wp-json\/wp\/v2\/posts\/23579","targetHints":{"allow":["GET"]}}],"collection":[{"href":"https:\/\/radiostudiow.com.br\/site\/wp-json\/wp\/v2\/posts"}],"about":[{"href":"https:\/\/radiostudiow.com.br\/site\/wp-json\/wp\/v2\/types\/post"}],"author":[{"embeddable":true,"href":"https:\/\/radiostudiow.com.br\/site\/wp-json\/wp\/v2\/users\/2"}],"replies":[{"embeddable":true,"href":"https:\/\/radiostudiow.com.br\/site\/wp-json\/wp\/v2\/comments?post=23579"}],"version-history":[{"count":2,"href":"https:\/\/radiostudiow.com.br\/site\/wp-json\/wp\/v2\/posts\/23579\/revisions"}],"predecessor-version":[{"id":23588,"href":"https:\/\/radiostudiow.com.br\/site\/wp-json\/wp\/v2\/posts\/23579\/revisions\/23588"}],"wp:featuredmedia":[{"embeddable":true,"href":"https:\/\/radiostudiow.com.br\/site\/wp-json\/wp\/v2\/media\/23580"}],"wp:attachment":[{"href":"https:\/\/radiostudiow.com.br\/site\/wp-json\/wp\/v2\/media?parent=23579"}],"wp:term":[{"taxonomy":"category","embeddable":true,"href":"https:\/\/radiostudiow.com.br\/site\/wp-json\/wp\/v2\/categories?post=23579"},{"taxonomy":"post_tag","embeddable":true,"href":"https:\/\/radiostudiow.com.br\/site\/wp-json\/wp\/v2\/tags?post=23579"}],"curies":[{"name":"wp","href":"https:\/\/api.w.org\/{rel}","templated":true}]}}