{"id":23585,"date":"2024-06-17T10:09:10","date_gmt":"2024-06-17T13:09:10","guid":{"rendered":"https:\/\/radiostudiow.com.br\/site\/?p=23585"},"modified":"2025-01-31T14:59:15","modified_gmt":"2025-01-31T17:59:15","slug":"policia-civil-orienta-populacao-sobre-importancia-de-denunciar-crimes-contra-a-pessoa-idosa","status":"publish","type":"post","link":"https:\/\/radiostudiow.com.br\/site\/2024\/06\/17\/policia-civil-orienta-populacao-sobre-importancia-de-denunciar-crimes-contra-a-pessoa-idosa\/","title":{"rendered":"Pol\u00edcia Civil orienta popula\u00e7\u00e3o sobre import\u00e2ncia de denunciar crimes contra a pessoa idosa"},"content":{"rendered":"\n<p>A Pol\u00edcia Civil do Paran\u00e1 (PCPR) orienta a popula\u00e7\u00e3o sobre a import\u00e2ncia do registro da den\u00fancia em casos de crimes contra pessoas idosas, al\u00e9m de refor\u00e7ar a atua\u00e7\u00e3o da institui\u00e7\u00e3o nas apura\u00e7\u00f5es das situa\u00e7\u00f5es recebidas. A recomenda\u00e7\u00e3o da import\u00e2ncia \u00e9 feita neste s\u00e1bado (15), no Dia Mundial de Conscientiza\u00e7\u00e3o da Viol\u00eancia contra a Pessoa Idosa.<\/p>\n\n\n\n<p>A data de 15 de junho foi institu\u00edda pela Organiza\u00e7\u00e3o das Na\u00e7\u00f5es Unidas (ONU) e pela Rede Internacional de Preven\u00e7\u00e3o \u00e0 Viol\u00eancia \u00e0 Pessoa Idosa, em 2006. Ela serve para relembrar a sociedade sobre mecanismos de prote\u00e7\u00e3o aos idosos.<\/p>\n\n\n\n<figure class=\"wp-block-image size-large\"><img loading=\"lazy\" decoding=\"async\" width=\"1024\" height=\"390\" src=\"https:\/\/radiostudiow.com.br\/site\/wp-content\/uploads\/2024\/06\/image-2-1024x390.png\" alt=\"\" class=\"wp-image-23309\" srcset=\"https:\/\/radiostudiow.com.br\/site\/wp-content\/uploads\/2024\/06\/image-2-1024x390.png 1024w, https:\/\/radiostudiow.com.br\/site\/wp-content\/uploads\/2024\/06\/image-2-300x114.png 300w, https:\/\/radiostudiow.com.br\/site\/wp-content\/uploads\/2024\/06\/image-2-768x292.png 768w, https:\/\/radiostudiow.com.br\/site\/wp-content\/uploads\/2024\/06\/image-2-1536x584.png 1536w, https:\/\/radiostudiow.com.br\/site\/wp-content\/uploads\/2024\/06\/image-2-2048x779.png 2048w\" sizes=\"auto, (max-width: 1024px) 100vw, 1024px\" \/><\/figure>\n\n\n\n<p>No Paran\u00e1, as den\u00fancias apuradas envolvem agress\u00f5es f\u00edsicas, viol\u00eancia psicol\u00f3gica, maus-tratos a idosos, neglig\u00eancia, abandono em hospitais ou casas de sa\u00fade. Tamb\u00e9m h\u00e1 casos em que familiares se apossam de cart\u00f5es banc\u00e1rios e aposentadorias das v\u00edtimas. &nbsp;<\/p>\n\n\n\n<p>O delegado e chefe do N\u00facleo de Direitos Humanos e Prote\u00e7\u00e3o a Vulner\u00e1veis, Vyctor Grotti, explica que os crimes podem ser denunciados tanto pela v\u00edtima quanto por uma pessoa que esteja ciente do fato, a fim de combater com agilidade e efici\u00eancia a viol\u00eancia praticada.&nbsp;<\/p>\n\n\n\n<p>A popula\u00e7\u00e3o pode denunciar de forma an\u00f4nima atrav\u00e9s dos n\u00fameros 197 da PCPR, 181 do Disque-Den\u00fancia ou pelo 0800-141-0001, diretamente \u00e0 equipe de investiga\u00e7\u00e3o do N\u00facleo. Tamb\u00e9m podem registrar um boletim de ocorr\u00eancia na delegacia mais pr\u00f3xima.<\/p>\n\n\n\n<p><em><strong>\u201c\u00c9 de extrema import\u00e2ncia esse tipo de den\u00fancia por parte da comunidade, visto que a pessoa idosa \u00e9 vulner\u00e1vel e dificilmente vai at\u00e9 a delegacia. Geralmente os crimes s\u00e3o cometidos \u00e0s ocultas, em rela\u00e7\u00f5es familiares. A den\u00fancia \u00e9 a principal ferramenta que possu\u00edmos para conseguir apurar e esclarecer todas as situa\u00e7\u00f5es\u201d,<\/strong> destaca.<\/em><\/p>\n\n\n\n<figure class=\"wp-block-image size-full\"><img decoding=\"async\" src=\"https:\/\/radiostudiow.com.br\/site\/wp-content\/uploads\/2024\/04\/image-45.png\" alt=\"\" class=\"wp-image-21394\"\/><\/figure>\n\n\n\n<p><strong>UNIDADE ESPECIALIZADA&nbsp;<\/strong>\u2013&nbsp;Em casos de crimes, todas as delegacias de pol\u00edcia judici\u00e1ria do Paran\u00e1 est\u00e3o aptas a promover o atendimento e investiga\u00e7\u00e3o de crimes contra a pessoa idosa. Na Capital, em casos de crimes de autoria incerta ou ignorada, a apura\u00e7\u00e3o \u00e9 realizada pelo N\u00facleo de Direitos Humanos e Prote\u00e7\u00e3o a Vulner\u00e1veis.<\/p>\n\n\n\n<p>O n\u00facleo \u00e9 um setor de refer\u00eancia para orienta\u00e7\u00e3o e atendimento de casos que envolvam crime de \u00f3dio contra vulner\u00e1veis. A institui\u00e7\u00e3o busca monitorar todo o trajeto desde quando o cidad\u00e3o em situa\u00e7\u00e3o de vulnerabilidade acionou o pedido de ajuda, at\u00e9 a efetiva solu\u00e7\u00e3o da demanda. &nbsp;<\/p>\n\n\n\n<p><em><strong>\u201cDurante o registro do boletim de ocorr\u00eancia, a equipe policial realiza a primeira coleta de informa\u00e7\u00f5es referentes ao caso, al\u00e9m de oitivas da v\u00edtima e testemunhas, e devidos encaminhamentos para ajuda e prote\u00e7\u00e3o do idoso\u201d,<\/strong> afirma o delegado.<\/em><\/p>\n\n\n\n<p>Al\u00e9m da unidade especializada, o 6\u00b0 Distrito Policial da PCPR em Curitiba conta com uma sala de acolhimento para as pessoas idosas v\u00edtimas de viol\u00eancia, tornando o atendimento mais humanizado. &nbsp;<\/p>\n\n\n\n<p><em>O delegado Wallace de Oliveira Brito afirma que um dos alicerces no combate \u00e0 viol\u00eancia contra o idoso \u00e9 o atendimento especializado empregado pela equipe policial. <strong>\u201cAp\u00f3s o registro, verificamos a proced\u00eancia das den\u00fancias com rapidez atrav\u00e9s de entrevistas sum\u00e1rias da v\u00edtima, visitas ao seu domic\u00edlio, entre outras provid\u00eancias que possam embasar pedidos de medida de prote\u00e7\u00e3o em favor da v\u00edtima idosa\u201d,<\/strong> afirma.<\/em><\/p>\n\n\n\n<figure class=\"wp-block-image size-full\"><img loading=\"lazy\" decoding=\"async\" width=\"897\" height=\"204\" src=\"https:\/\/radiostudiow.com.br\/site\/wp-content\/uploads\/2024\/04\/image-37.png\" alt=\"\" class=\"wp-image-21305\" srcset=\"https:\/\/radiostudiow.com.br\/site\/wp-content\/uploads\/2024\/04\/image-37.png 897w, https:\/\/radiostudiow.com.br\/site\/wp-content\/uploads\/2024\/04\/image-37-300x68.png 300w, https:\/\/radiostudiow.com.br\/site\/wp-content\/uploads\/2024\/04\/image-37-768x175.png 768w\" sizes=\"auto, (max-width: 897px) 100vw, 897px\" \/><\/figure>\n\n\n\n<p><strong>CAPACITA\u00c7\u00d5ES<\/strong>&nbsp;\u2013&nbsp;Os policiais civis do Paran\u00e1 est\u00e3o em constante aprendizado para atuarem da melhor maneira em atendimentos especializados, principalmente em casos envolvendo vulner\u00e1veis.&nbsp;<\/p>\n\n\n\n<p>A PCPR disponibiliza cursos aos servidores com o objetivo de atualizar a atua\u00e7\u00e3o di\u00e1ria de pol\u00edcia judici\u00e1ria, promovendo&nbsp;uma vis\u00e3o moderna de investiga\u00e7\u00e3o e melhorando a qualidade do trabalho e o servi\u00e7o prestado \u00e0 sociedade.&nbsp;<\/p>\n\n\n\n<p>O pr\u00f3ximo curso ser\u00e1 ministrado aos policiais no dia 25 de junho, das 9h \u00e0s 18h, no audit\u00f3rio da Escola Superior de Pol\u00edcia Civil, em Curitiba. Ser\u00e3o abordados temas como o atendimento \u00e0 pessoa idosa e seus direitos; atendimento \u00e0 pessoa com espectro autista e seus direitos; atendimento \u00e0 popula\u00e7\u00e3o LGBTI+ e seus direitos; quest\u00f5es centrais do racismo e da discrimina\u00e7\u00e3o racial.<\/p>\n","protected":false},"excerpt":{"rendered":"<p>A Pol\u00edcia Civil do Paran\u00e1 (PCPR) orienta a popula\u00e7\u00e3o sobre a import\u00e2ncia do registro da den\u00fancia em casos de crimes contra pessoas idosas, al\u00e9m de refor\u00e7ar a atua\u00e7\u00e3o da institui\u00e7\u00e3o nas apura\u00e7\u00f5es das situa\u00e7\u00f5es recebidas. A recomenda\u00e7\u00e3o da import\u00e2ncia \u00e9 feita neste s\u00e1bado (15), no Dia Mundial de Conscientiza\u00e7\u00e3o da Viol\u00eancia contra a Pessoa Idosa. [&hellip;]<\/p>\n","protected":false},"author":2,"featured_media":23586,"comment_status":"open","ping_status":"open","sticky":false,"template":"","format":"standard","meta":{"footnotes":""},"categories":[7],"tags":[172],"class_list":["post-23585","post","type-post","status-publish","format-standard","has-post-thumbnail","hentry","category-geral","tag-featured"],"amp_enabled":true,"_links":{"self":[{"href":"https:\/\/radiostudiow.com.br\/site\/wp-json\/wp\/v2\/posts\/23585","targetHints":{"allow":["GET"]}}],"collection":[{"href":"https:\/\/radiostudiow.com.br\/site\/wp-json\/wp\/v2\/posts"}],"about":[{"href":"https:\/\/radiostudiow.com.br\/site\/wp-json\/wp\/v2\/types\/post"}],"author":[{"embeddable":true,"href":"https:\/\/radiostudiow.com.br\/site\/wp-json\/wp\/v2\/users\/2"}],"replies":[{"embeddable":true,"href":"https:\/\/radiostudiow.com.br\/site\/wp-json\/wp\/v2\/comments?post=23585"}],"version-history":[{"count":1,"href":"https:\/\/radiostudiow.com.br\/site\/wp-json\/wp\/v2\/posts\/23585\/revisions"}],"predecessor-version":[{"id":23587,"href":"https:\/\/radiostudiow.com.br\/site\/wp-json\/wp\/v2\/posts\/23585\/revisions\/23587"}],"wp:featuredmedia":[{"embeddable":true,"href":"https:\/\/radiostudiow.com.br\/site\/wp-json\/wp\/v2\/media\/23586"}],"wp:attachment":[{"href":"https:\/\/radiostudiow.com.br\/site\/wp-json\/wp\/v2\/media?parent=23585"}],"wp:term":[{"taxonomy":"category","embeddable":true,"href":"https:\/\/radiostudiow.com.br\/site\/wp-json\/wp\/v2\/categories?post=23585"},{"taxonomy":"post_tag","embeddable":true,"href":"https:\/\/radiostudiow.com.br\/site\/wp-json\/wp\/v2\/tags?post=23585"}],"curies":[{"name":"wp","href":"https:\/\/api.w.org\/{rel}","templated":true}]}}