{"id":23594,"date":"2024-06-17T11:37:34","date_gmt":"2024-06-17T14:37:34","guid":{"rendered":"https:\/\/radiostudiow.com.br\/site\/?p=23594"},"modified":"2025-01-31T14:59:15","modified_gmt":"2025-01-31T17:59:15","slug":"enem-pelo-menos-5-milhoes-se-inscreveram-para-a-edicao-de-2024","status":"publish","type":"post","link":"https:\/\/radiostudiow.com.br\/site\/2024\/06\/17\/enem-pelo-menos-5-milhoes-se-inscreveram-para-a-edicao-de-2024\/","title":{"rendered":"Enem: pelo menos 5 milh\u00f5es se inscreveram para a edi\u00e7\u00e3o de 2024"},"content":{"rendered":"\n<p><br><strong>Enem: pelo menos 5 milh\u00f5es se inscreveram para a edi\u00e7\u00e3o de 2024<\/strong><\/p>\n\n\n\n<p>O Minist\u00e9rio da Educa\u00e7\u00e3o (MEC) registrou 5.055.699 inscri\u00e7\u00f5es para o Exame Nacional do Ensino M\u00e9dio (Enem) em 2024. O n\u00famero ainda pode aumentar porque o governo federal vai garantir um per\u00edodo extra para os candidatos do Rio Grande do Sul se inscreverem, entre 16 e 21 de junho.<\/p>\n\n\n\n<p>O\u202fn\u00famero definitivo de inscri\u00e7\u00f5es confirmadas e do perfil do participante\u00a0ser\u00e1 divulgado ap\u00f3s a compensa\u00e7\u00e3o de todos os pagamentos da taxa de inscri\u00e7\u00e3o de R$ 85. O prazo se encerrar\u00e1 na quarta-feira (19). O pagamento \u00e9 feito por meio de boleto do Banco do Brasil, disponibilizado ao inscrito ap\u00f3s acesso ao sistema do exame, por meio do<em>\u00a0login<\/em>\u00a0\u00fanico do\u00a0<a href=\"https:\/\/sso.acesso.gov.br\/login?client_id=enem.inep.gov.br%2Fparticipante&amp;authorization_id=19022ced9c0\" target=\"_blank\" rel=\"noreferrer noopener\"><strong>Gov.br<\/strong><\/a>.<\/p>\n\n\n\n<figure class=\"wp-block-image size-full\"><img decoding=\"async\" src=\"https:\/\/radiostudiow.com.br\/site\/wp-content\/uploads\/2024\/04\/image-55.png\" alt=\"\" class=\"wp-image-21389\"\/><\/figure>\n\n\n\n<p><strong>Mais inscritos<\/strong><\/p>\n\n\n\n<p>Mais da metade dos inscritos (2.731.757) n\u00e3o v\u00e3o&nbsp;precisar pagar a taxa de inscri\u00e7\u00e3o porque tiveram&nbsp;a solicita\u00e7\u00e3o de isen\u00e7\u00e3o aprovada pelo Instituto Nacional de Estudos e Pesquisas Educacionais An\u00edsio Teixeira (Inep). Os concluintes, ou seja, aqueles que est\u00e3o na \u00faltima s\u00e9rie do ensino m\u00e9dio, correspondem a 1.655.721 inscritos, sendo que 1.330.364 inscri\u00e7\u00f5es desse grupo foram gratuitas&nbsp;e 325.357 dever\u00e3o ser pagas.<\/p>\n\n\n\n<p>O n\u00famero de inscritos em 2024 supera os das \u00faltimas edi\u00e7\u00f5es. Em 2023, o Enem teve 3,9 milh\u00f5es de inscritos. Em 2022, mais de 3,39 milh\u00f5es se inscreveram no exame, reconhecido como a principal porta de entrada no ensino superior.<\/p>\n\n\n\n<p>A\u00a0<a href=\"https:\/\/enem.inep.gov.br\/participante\/#!\/%C2%A0\" target=\"_blank\" rel=\"noreferrer noopener\"><strong>P\u00e1gina do Participante<\/strong><\/a>\u00a0ficou dispon\u00edvel para inscri\u00e7\u00f5es no Enem 2024 at\u00e9 as 23h59 desta sexta-feira (14).<\/p>\n\n\n\n<figure class=\"wp-block-image size-full\"><img decoding=\"async\" src=\"https:\/\/radiostudiow.com.br\/site\/wp-content\/uploads\/2024\/04\/image-58.png\" alt=\"\" class=\"wp-image-21416\"\/><\/figure>\n\n\n\n<p><strong>Rio Grande do Sul<\/strong><\/p>\n\n\n\n<p>&nbsp;Somente para os moradores do Rio Grande do Sul, a P\u00e1gina do Participante foi reaberta neste domingo (16), quando ser\u00e1 iniciado o per\u00edodo extra de inscri\u00e7\u00e3o.<\/p>\n\n\n\n<p>O prazo vai at\u00e9 \u00e0s 23h59 da pr\u00f3xima sexta-feira (21).<\/p>\n\n\n\n<p>No caso dos candidatos que moram no estado, a inscri\u00e7\u00e3o \u00e9 gratuita. O Minist\u00e9rio da Educa\u00e7\u00e3o ainda avalia a necessidade de aplica\u00e7\u00e3o das provas em nova data para os participantes dos munic\u00edpios ga\u00fachos.<\/p>\n\n\n\n<p>Para&nbsp;mais informa\u00e7\u00f5es, o edital do Enem 2024 pode ser&nbsp;<a href=\"https:\/\/www.in.gov.br\/en\/web\/dou\/-\/edital-n-51-de-10-de-maio-de-2024-559158847\" target=\"_blank\" rel=\"noreferrer noopener\"><strong>acessado aqui<\/strong><\/a>.<\/p>\n","protected":false},"excerpt":{"rendered":"<p>Enem: pelo menos 5 milh\u00f5es se inscreveram para a edi\u00e7\u00e3o de 2024 O Minist\u00e9rio da Educa\u00e7\u00e3o (MEC) registrou 5.055.699 inscri\u00e7\u00f5es para o Exame Nacional do Ensino M\u00e9dio (Enem) em 2024. O n\u00famero ainda pode aumentar porque o governo federal vai garantir um per\u00edodo extra para os candidatos do Rio Grande do Sul se inscreverem, entre [&hellip;]<\/p>\n","protected":false},"author":2,"featured_media":23596,"comment_status":"open","ping_status":"open","sticky":false,"template":"","format":"standard","meta":{"footnotes":""},"categories":[7],"tags":[172],"class_list":["post-23594","post","type-post","status-publish","format-standard","has-post-thumbnail","hentry","category-geral","tag-featured"],"amp_enabled":true,"_links":{"self":[{"href":"https:\/\/radiostudiow.com.br\/site\/wp-json\/wp\/v2\/posts\/23594","targetHints":{"allow":["GET"]}}],"collection":[{"href":"https:\/\/radiostudiow.com.br\/site\/wp-json\/wp\/v2\/posts"}],"about":[{"href":"https:\/\/radiostudiow.com.br\/site\/wp-json\/wp\/v2\/types\/post"}],"author":[{"embeddable":true,"href":"https:\/\/radiostudiow.com.br\/site\/wp-json\/wp\/v2\/users\/2"}],"replies":[{"embeddable":true,"href":"https:\/\/radiostudiow.com.br\/site\/wp-json\/wp\/v2\/comments?post=23594"}],"version-history":[{"count":2,"href":"https:\/\/radiostudiow.com.br\/site\/wp-json\/wp\/v2\/posts\/23594\/revisions"}],"predecessor-version":[{"id":23597,"href":"https:\/\/radiostudiow.com.br\/site\/wp-json\/wp\/v2\/posts\/23594\/revisions\/23597"}],"wp:featuredmedia":[{"embeddable":true,"href":"https:\/\/radiostudiow.com.br\/site\/wp-json\/wp\/v2\/media\/23596"}],"wp:attachment":[{"href":"https:\/\/radiostudiow.com.br\/site\/wp-json\/wp\/v2\/media?parent=23594"}],"wp:term":[{"taxonomy":"category","embeddable":true,"href":"https:\/\/radiostudiow.com.br\/site\/wp-json\/wp\/v2\/categories?post=23594"},{"taxonomy":"post_tag","embeddable":true,"href":"https:\/\/radiostudiow.com.br\/site\/wp-json\/wp\/v2\/tags?post=23594"}],"curies":[{"name":"wp","href":"https:\/\/api.w.org\/{rel}","templated":true}]}}