{"id":23607,"date":"2024-06-17T18:48:50","date_gmt":"2024-06-17T21:48:50","guid":{"rendered":"https:\/\/radiostudiow.com.br\/site\/?p=23607"},"modified":"2025-01-31T14:59:14","modified_gmt":"2025-01-31T17:59:14","slug":"pm-de-uniao-da-vitoria-registra-furto-de-bateria-de-carro-no-bairro-sao-basilio","status":"publish","type":"post","link":"https:\/\/radiostudiow.com.br\/site\/2024\/06\/17\/pm-de-uniao-da-vitoria-registra-furto-de-bateria-de-carro-no-bairro-sao-basilio\/","title":{"rendered":"PM de Uni\u00e3o da Vit\u00f3ria registra furto de bateria de carro no bairro S\u00e3o Bas\u00edlio"},"content":{"rendered":"\n<p>A equipe da Pol\u00edcia Militar foi acionada para atender uma situa\u00e7\u00e3o de furto no bairro S\u00e3o Bas\u00edlio Magno, por volta das 09:30 horas deste domingo (16).<\/p>\n\n\n\n<figure class=\"wp-block-image size-full\"><img decoding=\"async\" src=\"https:\/\/radiostudiow.com.br\/site\/wp-content\/uploads\/2024\/04\/image-58.png\" alt=\"\" class=\"wp-image-21416\"\/><\/figure>\n\n\n\n<p>Um senhor compareceu \u00e0 unidade policial relatando que sua resid\u00eancia foi invadida durante a madrugada e a bateria de seu ve\u00edculo foi subtra\u00edda.<\/p>\n\n\n\n<p>A v\u00edtima suspeita que o autor do furto seja um indiv\u00edduo j\u00e1 conhecido no meio policial por pr\u00e1ticas il\u00edcitas similares. A v\u00edtima foi orientada sobre os procedimentos a serem seguidos.<\/p>\n","protected":false},"excerpt":{"rendered":"<p>A equipe da Pol\u00edcia Militar foi acionada para atender uma situa\u00e7\u00e3o de furto no bairro S\u00e3o Bas\u00edlio Magno, por volta das 09:30 horas deste domingo (16). Um senhor compareceu \u00e0 unidade policial relatando que sua resid\u00eancia foi invadida durante a madrugada e a bateria de seu ve\u00edculo foi subtra\u00edda. A v\u00edtima suspeita que o autor [&hellip;]<\/p>\n","protected":false},"author":2,"featured_media":22163,"comment_status":"open","ping_status":"open","sticky":false,"template":"","format":"standard","meta":{"footnotes":""},"categories":[2],"tags":[172],"class_list":["post-23607","post","type-post","status-publish","format-standard","has-post-thumbnail","hentry","category-policial","tag-featured"],"amp_enabled":true,"_links":{"self":[{"href":"https:\/\/radiostudiow.com.br\/site\/wp-json\/wp\/v2\/posts\/23607","targetHints":{"allow":["GET"]}}],"collection":[{"href":"https:\/\/radiostudiow.com.br\/site\/wp-json\/wp\/v2\/posts"}],"about":[{"href":"https:\/\/radiostudiow.com.br\/site\/wp-json\/wp\/v2\/types\/post"}],"author":[{"embeddable":true,"href":"https:\/\/radiostudiow.com.br\/site\/wp-json\/wp\/v2\/users\/2"}],"replies":[{"embeddable":true,"href":"https:\/\/radiostudiow.com.br\/site\/wp-json\/wp\/v2\/comments?post=23607"}],"version-history":[{"count":2,"href":"https:\/\/radiostudiow.com.br\/site\/wp-json\/wp\/v2\/posts\/23607\/revisions"}],"predecessor-version":[{"id":23620,"href":"https:\/\/radiostudiow.com.br\/site\/wp-json\/wp\/v2\/posts\/23607\/revisions\/23620"}],"wp:featuredmedia":[{"embeddable":true,"href":"https:\/\/radiostudiow.com.br\/site\/wp-json\/wp\/v2\/media\/22163"}],"wp:attachment":[{"href":"https:\/\/radiostudiow.com.br\/site\/wp-json\/wp\/v2\/media?parent=23607"}],"wp:term":[{"taxonomy":"category","embeddable":true,"href":"https:\/\/radiostudiow.com.br\/site\/wp-json\/wp\/v2\/categories?post=23607"},{"taxonomy":"post_tag","embeddable":true,"href":"https:\/\/radiostudiow.com.br\/site\/wp-json\/wp\/v2\/tags?post=23607"}],"curies":[{"name":"wp","href":"https:\/\/api.w.org\/{rel}","templated":true}]}}