{"id":23611,"date":"2024-06-17T18:46:22","date_gmt":"2024-06-17T21:46:22","guid":{"rendered":"https:\/\/radiostudiow.com.br\/site\/?p=23611"},"modified":"2025-01-31T14:59:15","modified_gmt":"2025-01-31T17:59:15","slug":"policia-militar-de-uniao-da-vitoria-e-acionada-apos-manobras-perigosas-e-condutor-do-caminhao-nao-possuia-cnh","status":"publish","type":"post","link":"https:\/\/radiostudiow.com.br\/site\/2024\/06\/17\/policia-militar-de-uniao-da-vitoria-e-acionada-apos-manobras-perigosas-e-condutor-do-caminhao-nao-possuia-cnh\/","title":{"rendered":"Pol\u00edcia Militar de Uni\u00e3o da Vit\u00f3ria \u00e9 acionada ap\u00f3s manobras perigosas e condutor do caminh\u00e3o n\u00e3o possuia CNH"},"content":{"rendered":"\n<p>A equipe da Pol\u00edcia Militar foi chamada para verificar um caminh\u00e3o vermelho que realizava manobras perigosas no bairro S\u00e3o Bernardo, por volta das 15:25 horas deste domingo (16).<\/p>\n\n\n\n<figure class=\"wp-block-image size-full\"><img loading=\"lazy\" decoding=\"async\" width=\"598\" height=\"204\" src=\"https:\/\/radiostudiow.com.br\/site\/wp-content\/uploads\/2024\/04\/image-39.png\" alt=\"\" class=\"wp-image-21311\" srcset=\"https:\/\/radiostudiow.com.br\/site\/wp-content\/uploads\/2024\/04\/image-39.png 598w, https:\/\/radiostudiow.com.br\/site\/wp-content\/uploads\/2024\/04\/image-39-300x102.png 300w\" sizes=\"auto, (max-width: 598px) 100vw, 598px\" \/><\/figure>\n\n\n\n<p>No local, a equipe avistou o ve\u00edculo saindo de uma estrada sem pavimenta\u00e7\u00e3o asf\u00e1ltica.\u00a0Durante a abordagem e consultas aos sistemas informatizados, foi constatado que o condutor do caminh\u00e3o n\u00e3o possu\u00eda Carteira Nacional de Habilita\u00e7\u00e3o (CNH).<\/p>\n\n\n\n<p>Os autos de infra\u00e7\u00e3o cab\u00edveis foram lavrados e o ve\u00edculo foi liberado para um condutor habilitado.<\/p>\n","protected":false},"excerpt":{"rendered":"<p>A equipe da Pol\u00edcia Militar foi chamada para verificar um caminh\u00e3o vermelho que realizava manobras perigosas no bairro S\u00e3o Bernardo, por volta das 15:25 horas deste domingo (16). No local, a equipe avistou o ve\u00edculo saindo de uma estrada sem pavimenta\u00e7\u00e3o asf\u00e1ltica.\u00a0Durante a abordagem e consultas aos sistemas informatizados, foi constatado que o condutor do [&hellip;]<\/p>\n","protected":false},"author":2,"featured_media":22528,"comment_status":"open","ping_status":"open","sticky":false,"template":"","format":"standard","meta":{"footnotes":""},"categories":[2],"tags":[172],"class_list":["post-23611","post","type-post","status-publish","format-standard","has-post-thumbnail","hentry","category-policial","tag-featured"],"amp_enabled":true,"_links":{"self":[{"href":"https:\/\/radiostudiow.com.br\/site\/wp-json\/wp\/v2\/posts\/23611","targetHints":{"allow":["GET"]}}],"collection":[{"href":"https:\/\/radiostudiow.com.br\/site\/wp-json\/wp\/v2\/posts"}],"about":[{"href":"https:\/\/radiostudiow.com.br\/site\/wp-json\/wp\/v2\/types\/post"}],"author":[{"embeddable":true,"href":"https:\/\/radiostudiow.com.br\/site\/wp-json\/wp\/v2\/users\/2"}],"replies":[{"embeddable":true,"href":"https:\/\/radiostudiow.com.br\/site\/wp-json\/wp\/v2\/comments?post=23611"}],"version-history":[{"count":2,"href":"https:\/\/radiostudiow.com.br\/site\/wp-json\/wp\/v2\/posts\/23611\/revisions"}],"predecessor-version":[{"id":23619,"href":"https:\/\/radiostudiow.com.br\/site\/wp-json\/wp\/v2\/posts\/23611\/revisions\/23619"}],"wp:featuredmedia":[{"embeddable":true,"href":"https:\/\/radiostudiow.com.br\/site\/wp-json\/wp\/v2\/media\/22528"}],"wp:attachment":[{"href":"https:\/\/radiostudiow.com.br\/site\/wp-json\/wp\/v2\/media?parent=23611"}],"wp:term":[{"taxonomy":"category","embeddable":true,"href":"https:\/\/radiostudiow.com.br\/site\/wp-json\/wp\/v2\/categories?post=23611"},{"taxonomy":"post_tag","embeddable":true,"href":"https:\/\/radiostudiow.com.br\/site\/wp-json\/wp\/v2\/tags?post=23611"}],"curies":[{"name":"wp","href":"https:\/\/api.w.org\/{rel}","templated":true}]}}