{"id":23613,"date":"2024-06-17T18:42:01","date_gmt":"2024-06-17T21:42:01","guid":{"rendered":"https:\/\/radiostudiow.com.br\/site\/?p=23613"},"modified":"2025-01-31T14:59:15","modified_gmt":"2025-01-31T17:59:15","slug":"cabine-de-caminhao-se-desprende-e-motorista-morre-na-pr-151","status":"publish","type":"post","link":"https:\/\/radiostudiow.com.br\/site\/2024\/06\/17\/cabine-de-caminhao-se-desprende-e-motorista-morre-na-pr-151\/","title":{"rendered":"Cabine de caminh\u00e3o se desprende e motorista morre em S\u00e3o Mateus do Sul"},"content":{"rendered":"\n<p>O motorista de uma carreta morreu ap\u00f3s um acidente de tr\u00e2nsito na PR-151, regi\u00e3o do Espig\u00e3ozinho, em S\u00e3o Mateus do Sul, no in\u00edcio da tarde desta segunda-feira (17).<\/p>\n\n\n\n<figure class=\"wp-block-image size-full\"><img loading=\"lazy\" decoding=\"async\" width=\"897\" height=\"204\" src=\"https:\/\/radiostudiow.com.br\/site\/wp-content\/uploads\/2024\/04\/image-50.png\" alt=\"\" class=\"wp-image-21368\" srcset=\"https:\/\/radiostudiow.com.br\/site\/wp-content\/uploads\/2024\/04\/image-50.png 897w, https:\/\/radiostudiow.com.br\/site\/wp-content\/uploads\/2024\/04\/image-50-300x68.png 300w, https:\/\/radiostudiow.com.br\/site\/wp-content\/uploads\/2024\/04\/image-50-768x175.png 768w\" sizes=\"auto, (max-width: 897px) 100vw, 897px\" \/><\/figure>\n\n\n\n<p>Ele conduzia uma carreta quando saiu fora da pista e colidiu contra um poste.\u00a0O impacto da batida foi t\u00e3o grande que a cabine acabou se desprendendo do restante do ve\u00edculo. O motorista morreu na hora.\u00a0O trecho ficou parcialmente bloqueado no momento.<\/p>\n\n\n\n<p>Corpo de Bombeiros e Pol\u00edcia Rodovi\u00e1ria Estadual foram acionados para o atendimento da ocorr\u00eancia. O Instituto M\u00e9dico Legal (IML), de Uni\u00e3o da Vit\u00f3ria e Criminial\u00edstica tamb\u00e9m foram acionados.<\/p>\n\n\n\n<p>Informa\u00e7\u00f5es apontam que o caminh\u00e3o possui placas do Rio Grande do Sul. A identifica\u00e7\u00e3o ainda n\u00e3o foi divulgada.<\/p>\n\n\n\n<figure class=\"wp-block-image size-full\"><img loading=\"lazy\" decoding=\"async\" width=\"300\" height=\"180\" src=\"https:\/\/radiostudiow.com.br\/site\/wp-content\/uploads\/2024\/04\/SITE-PEQUENO.png\" alt=\"\" class=\"wp-image-21712\"\/><\/figure>\n\n\n\n<figure class=\"wp-block-image size-large\"><img loading=\"lazy\" decoding=\"async\" width=\"1024\" height=\"768\" src=\"https:\/\/radiostudiow.com.br\/site\/wp-content\/uploads\/2024\/06\/WhatsApp-Image-2024-06-17-at-14.19.40-1536x1152-1-1024x768.jpeg\" alt=\"\" class=\"wp-image-23616\" srcset=\"https:\/\/radiostudiow.com.br\/site\/wp-content\/uploads\/2024\/06\/WhatsApp-Image-2024-06-17-at-14.19.40-1536x1152-1-1024x768.jpeg 1024w, https:\/\/radiostudiow.com.br\/site\/wp-content\/uploads\/2024\/06\/WhatsApp-Image-2024-06-17-at-14.19.40-1536x1152-1-300x225.jpeg 300w, https:\/\/radiostudiow.com.br\/site\/wp-content\/uploads\/2024\/06\/WhatsApp-Image-2024-06-17-at-14.19.40-1536x1152-1-768x576.jpeg 768w, https:\/\/radiostudiow.com.br\/site\/wp-content\/uploads\/2024\/06\/WhatsApp-Image-2024-06-17-at-14.19.40-1536x1152-1.jpeg 1536w\" sizes=\"auto, (max-width: 1024px) 100vw, 1024px\" \/><\/figure>\n","protected":false},"excerpt":{"rendered":"<p>O motorista de uma carreta morreu ap\u00f3s um acidente de tr\u00e2nsito na PR-151, regi\u00e3o do Espig\u00e3ozinho, em S\u00e3o Mateus do Sul, no in\u00edcio da tarde desta segunda-feira (17). Ele conduzia uma carreta quando saiu fora da pista e colidiu contra um poste.\u00a0O impacto da batida foi t\u00e3o grande que a cabine acabou se desprendendo do [&hellip;]<\/p>\n","protected":false},"author":2,"featured_media":23615,"comment_status":"open","ping_status":"open","sticky":false,"template":"","format":"standard","meta":{"footnotes":""},"categories":[185],"tags":[172],"class_list":["post-23613","post","type-post","status-publish","format-standard","has-post-thumbnail","hentry","category-regional","tag-featured"],"amp_enabled":true,"_links":{"self":[{"href":"https:\/\/radiostudiow.com.br\/site\/wp-json\/wp\/v2\/posts\/23613","targetHints":{"allow":["GET"]}}],"collection":[{"href":"https:\/\/radiostudiow.com.br\/site\/wp-json\/wp\/v2\/posts"}],"about":[{"href":"https:\/\/radiostudiow.com.br\/site\/wp-json\/wp\/v2\/types\/post"}],"author":[{"embeddable":true,"href":"https:\/\/radiostudiow.com.br\/site\/wp-json\/wp\/v2\/users\/2"}],"replies":[{"embeddable":true,"href":"https:\/\/radiostudiow.com.br\/site\/wp-json\/wp\/v2\/comments?post=23613"}],"version-history":[{"count":2,"href":"https:\/\/radiostudiow.com.br\/site\/wp-json\/wp\/v2\/posts\/23613\/revisions"}],"predecessor-version":[{"id":23618,"href":"https:\/\/radiostudiow.com.br\/site\/wp-json\/wp\/v2\/posts\/23613\/revisions\/23618"}],"wp:featuredmedia":[{"embeddable":true,"href":"https:\/\/radiostudiow.com.br\/site\/wp-json\/wp\/v2\/media\/23615"}],"wp:attachment":[{"href":"https:\/\/radiostudiow.com.br\/site\/wp-json\/wp\/v2\/media?parent=23613"}],"wp:term":[{"taxonomy":"category","embeddable":true,"href":"https:\/\/radiostudiow.com.br\/site\/wp-json\/wp\/v2\/categories?post=23613"},{"taxonomy":"post_tag","embeddable":true,"href":"https:\/\/radiostudiow.com.br\/site\/wp-json\/wp\/v2\/tags?post=23613"}],"curies":[{"name":"wp","href":"https:\/\/api.w.org\/{rel}","templated":true}]}}