{"id":2362,"date":"2021-06-08T12:05:46","date_gmt":"2021-06-08T15:05:46","guid":{"rendered":"https:\/\/radiostudiow.com.br\/site\/?p=2362"},"modified":"2025-01-15T11:47:18","modified_gmt":"2025-01-15T14:47:18","slug":"morador-de-cruz-machado-aciona-pm-apos-receber-ameacas-de-morte","status":"publish","type":"post","link":"https:\/\/radiostudiow.com.br\/site\/2021\/06\/08\/morador-de-cruz-machado-aciona-pm-apos-receber-ameacas-de-morte\/","title":{"rendered":"MORADOR DE CRUZ MACHADO ACIONA PM AP\u00d3S RECEBER AMEA\u00c7AS DE MORTE"},"content":{"rendered":"\n<p>Um homem compareceu ao Pelot\u00e3o da Pol\u00edcia Militar de Cruz Machado por volta das 14:00 horas dessa segunda \u2013 feira, 07 de junho, relatando uma situa\u00e7\u00e3o de amea\u00e7a que vem sofrendo.<\/p>\n\n\n\n<p>De acordo com o solicitante, ele vem sendo amea\u00e7ado de morte por tr\u00eas indiv\u00edduos, os quais foram identificados. Ainda afirmou que o motivo da situa\u00e7\u00e3o \u00e9 devido a uma briga que ocorreu tempo atr\u00e1s com um dos suspeitos da amea\u00e7a.<\/p>\n\n\n\n<p>Diante da situa\u00e7\u00e3o a equipe policial orientou a v\u00edtima quanto aos procedimentos cab\u00edveis.<\/p>\n\n\n\n<figure class=\"wp-block-image size-large\"><img decoding=\"async\" src=\"https:\/\/radiostudiow.com.br\/site\/wp-content\/uploads\/2021\/03\/propagandas2-1.gif\" alt=\"\" class=\"wp-image-1063\"\/><\/figure>\n","protected":false},"excerpt":{"rendered":"<p>Um homem compareceu ao Pelot\u00e3o da Pol\u00edcia Militar de Cruz Machado por volta das 14:00 horas dessa segunda \u2013 feira, 07 de junho, relatando uma situa\u00e7\u00e3o de amea\u00e7a que vem sofrendo. De acordo com o solicitante, ele vem sendo amea\u00e7ado de morte por tr\u00eas indiv\u00edduos, os quais foram identificados. Ainda afirmou que o motivo da [&hellip;]<\/p>\n","protected":false},"author":2,"featured_media":1357,"comment_status":"open","ping_status":"open","sticky":false,"template":"","format":"standard","meta":{"footnotes":""},"categories":[2],"tags":[172],"class_list":["post-2362","post","type-post","status-publish","format-standard","has-post-thumbnail","hentry","category-policial","tag-featured"],"amp_enabled":true,"_links":{"self":[{"href":"https:\/\/radiostudiow.com.br\/site\/wp-json\/wp\/v2\/posts\/2362","targetHints":{"allow":["GET"]}}],"collection":[{"href":"https:\/\/radiostudiow.com.br\/site\/wp-json\/wp\/v2\/posts"}],"about":[{"href":"https:\/\/radiostudiow.com.br\/site\/wp-json\/wp\/v2\/types\/post"}],"author":[{"embeddable":true,"href":"https:\/\/radiostudiow.com.br\/site\/wp-json\/wp\/v2\/users\/2"}],"replies":[{"embeddable":true,"href":"https:\/\/radiostudiow.com.br\/site\/wp-json\/wp\/v2\/comments?post=2362"}],"version-history":[{"count":1,"href":"https:\/\/radiostudiow.com.br\/site\/wp-json\/wp\/v2\/posts\/2362\/revisions"}],"predecessor-version":[{"id":2363,"href":"https:\/\/radiostudiow.com.br\/site\/wp-json\/wp\/v2\/posts\/2362\/revisions\/2363"}],"wp:featuredmedia":[{"embeddable":true,"href":"https:\/\/radiostudiow.com.br\/site\/wp-json\/wp\/v2\/media\/1357"}],"wp:attachment":[{"href":"https:\/\/radiostudiow.com.br\/site\/wp-json\/wp\/v2\/media?parent=2362"}],"wp:term":[{"taxonomy":"category","embeddable":true,"href":"https:\/\/radiostudiow.com.br\/site\/wp-json\/wp\/v2\/categories?post=2362"},{"taxonomy":"post_tag","embeddable":true,"href":"https:\/\/radiostudiow.com.br\/site\/wp-json\/wp\/v2\/tags?post=2362"}],"curies":[{"name":"wp","href":"https:\/\/api.w.org\/{rel}","templated":true}]}}