{"id":23623,"date":"2024-06-18T09:32:31","date_gmt":"2024-06-18T12:32:31","guid":{"rendered":"https:\/\/radiostudiow.com.br\/site\/?p=23623"},"modified":"2025-01-31T14:59:14","modified_gmt":"2025-01-31T17:59:14","slug":"pm-de-paulo-frontin-atende-acidente-transito-um-dos-envolvidos-se-evadiu-do-local","status":"publish","type":"post","link":"https:\/\/radiostudiow.com.br\/site\/2024\/06\/18\/pm-de-paulo-frontin-atende-acidente-transito-um-dos-envolvidos-se-evadiu-do-local\/","title":{"rendered":"PM de Paulo Frontin atende acidente tr\u00e2nsito. Um dos envolvidos se evadiu do local"},"content":{"rendered":"\n<p>A equipe da Pol\u00edcia Militar de Paulo Frontin estava realizando patrulhamento quando foi informada que teria acontecido um acidente de tr\u00e2nsito envolvendo dois autom\u00f3veis na \u00e1rea central da cidade por volta das 18 horas desse s\u00e1bado (15).<\/p>\n\n\n\n<figure class=\"wp-block-image size-full\"><img loading=\"lazy\" decoding=\"async\" width=\"1024\" height=\"387\" src=\"https:\/\/radiostudiow.com.br\/site\/wp-content\/uploads\/2024\/04\/image-17.png\" alt=\"\" class=\"wp-image-21206\" srcset=\"https:\/\/radiostudiow.com.br\/site\/wp-content\/uploads\/2024\/04\/image-17.png 1024w, https:\/\/radiostudiow.com.br\/site\/wp-content\/uploads\/2024\/04\/image-17-300x113.png 300w, https:\/\/radiostudiow.com.br\/site\/wp-content\/uploads\/2024\/04\/image-17-768x290.png 768w\" sizes=\"auto, (max-width: 1024px) 100vw, 1024px\" \/><\/figure>\n\n\n\n<p>A equipe se deslocou at\u00e9 o local, onde uma das partes relatou aos policiais que vinha trafegando com seu ve\u00edculo quando outro cortou a sua preferencial, vindo a colidir e o condutor se evadiu do local.<\/p>\n\n\n\n<p>Foi realizado patrulhamento nas imedia\u00e7\u00f5es, por\u00e9m, o suspeito n\u00e3o foi localizado.<\/p>\n\n\n\n<p>A parte presente n\u00e3o estava ferida, foi orientada e decidiu fazer o boletim de acidente de tr\u00e2nsito online.<\/p>\n","protected":false},"excerpt":{"rendered":"<p>A equipe da Pol\u00edcia Militar de Paulo Frontin estava realizando patrulhamento quando foi informada que teria acontecido um acidente de tr\u00e2nsito envolvendo dois autom\u00f3veis na \u00e1rea central da cidade por volta das 18 horas desse s\u00e1bado (15). A equipe se deslocou at\u00e9 o local, onde uma das partes relatou aos policiais que vinha trafegando com [&hellip;]<\/p>\n","protected":false},"author":2,"featured_media":13773,"comment_status":"open","ping_status":"open","sticky":false,"template":"","format":"standard","meta":{"footnotes":""},"categories":[2],"tags":[172],"class_list":["post-23623","post","type-post","status-publish","format-standard","has-post-thumbnail","hentry","category-policial","tag-featured"],"amp_enabled":true,"_links":{"self":[{"href":"https:\/\/radiostudiow.com.br\/site\/wp-json\/wp\/v2\/posts\/23623","targetHints":{"allow":["GET"]}}],"collection":[{"href":"https:\/\/radiostudiow.com.br\/site\/wp-json\/wp\/v2\/posts"}],"about":[{"href":"https:\/\/radiostudiow.com.br\/site\/wp-json\/wp\/v2\/types\/post"}],"author":[{"embeddable":true,"href":"https:\/\/radiostudiow.com.br\/site\/wp-json\/wp\/v2\/users\/2"}],"replies":[{"embeddable":true,"href":"https:\/\/radiostudiow.com.br\/site\/wp-json\/wp\/v2\/comments?post=23623"}],"version-history":[{"count":2,"href":"https:\/\/radiostudiow.com.br\/site\/wp-json\/wp\/v2\/posts\/23623\/revisions"}],"predecessor-version":[{"id":23655,"href":"https:\/\/radiostudiow.com.br\/site\/wp-json\/wp\/v2\/posts\/23623\/revisions\/23655"}],"wp:featuredmedia":[{"embeddable":true,"href":"https:\/\/radiostudiow.com.br\/site\/wp-json\/wp\/v2\/media\/13773"}],"wp:attachment":[{"href":"https:\/\/radiostudiow.com.br\/site\/wp-json\/wp\/v2\/media?parent=23623"}],"wp:term":[{"taxonomy":"category","embeddable":true,"href":"https:\/\/radiostudiow.com.br\/site\/wp-json\/wp\/v2\/categories?post=23623"},{"taxonomy":"post_tag","embeddable":true,"href":"https:\/\/radiostudiow.com.br\/site\/wp-json\/wp\/v2\/tags?post=23623"}],"curies":[{"name":"wp","href":"https:\/\/api.w.org\/{rel}","templated":true}]}}