{"id":23664,"date":"2024-06-18T16:53:14","date_gmt":"2024-06-18T19:53:14","guid":{"rendered":"https:\/\/radiostudiow.com.br\/site\/?p=23664"},"modified":"2025-01-31T14:59:14","modified_gmt":"2025-01-31T17:59:14","slug":"governo-e-mallet-assinam-cooperacao-para-construir-nova-ponte-em-via-municipal","status":"publish","type":"post","link":"https:\/\/radiostudiow.com.br\/site\/2024\/06\/18\/governo-e-mallet-assinam-cooperacao-para-construir-nova-ponte-em-via-municipal\/","title":{"rendered":"Governo e Mallet assinam coopera\u00e7\u00e3o para construir nova ponte em via municipal"},"content":{"rendered":"\n<p>A secretaria estadual de Infraestrutura e Log\u00edstica (SEIL) firmou uma coopera\u00e7\u00e3o com o munic\u00edpio de Mallet, regi\u00e3o Centro-Sul, para fornecer pe\u00e7as pr\u00e9-moldadas de concreto que ser\u00e3o utilizadas na constru\u00e7\u00e3o de uma nova ponte sobre o Rio Bra\u00e7o Potinga. A estrutura vai ficar na rodovia municipal MLL-406, ligando a Comunidade Lajeado de Baixo com a Col\u00f4nia 5 e Col\u00f4nia 6, beneficiando aproximadamente 100 fam\u00edlias da zona rural do munic\u00edpio.<\/p>\n\n\n\n<figure class=\"wp-block-image size-full\"><img decoding=\"async\" src=\"https:\/\/radiostudiow.com.br\/site\/wp-content\/uploads\/2024\/04\/image-47.png\" alt=\"\" class=\"wp-image-21404\"\/><\/figure>\n\n\n\n<p>S\u00e3o 20 vigas de 15,50 metros de comprimento cada e 288 lajotas de 50 cm por 100 cm para compor a laje. A ponte ter\u00e1 32 metros de comprimento por 6,25 metros de largura, cabendo ao munic\u00edpio construir a funda\u00e7\u00e3o, os pilares e os acessos, bem como lan\u00e7ar as pe\u00e7as pr\u00e9-moldadas fornecidas pela SEIL. O Departamento de Estradas de Rodagem do Paran\u00e1 (DER\/PR) vai acompanhar a execu\u00e7\u00e3o da obra, conforme previsto no termo de coopera\u00e7\u00e3o.<\/p>\n\n\n\n<p>A ponte ser\u00e1 constru\u00edda pr\u00f3ximo a uma outra de madeira existente no local. Segundo o secret\u00e1rio estadual de Infraestrutura e Log\u00edstica, Sandro Alex, a nova estrutura de concreto vai garantir uma travessia segura para moradores e tamb\u00e9m para o transporte da produ\u00e7\u00e3o agropecu\u00e1ria local. <em><strong>\u201c\u00c9 uma garantia, pelas pr\u00f3ximas d\u00e9cadas, que o pequeno produtor vai poder continuar trabalhando sem se preocupar com a log\u00edstica para transportar sua safra, produ\u00e7\u00e3o de leite e outros produtos do munic\u00edpio\u201d, afirmou.<\/strong><\/em><\/p>\n\n\n\n<figure class=\"wp-block-image size-full\"><img decoding=\"async\" src=\"https:\/\/radiostudiow.com.br\/site\/wp-content\/uploads\/2024\/04\/SITE-MEDIO.png\" alt=\"\" class=\"wp-image-21854\"\/><\/figure>\n\n\n\n<p><strong>MALLET<\/strong>&nbsp;\u2013 Com 13.697 habitantes, Mallet conta com dois distritos: Dorizon e Rio Claro do Sul. Seu territ\u00f3rio faz limite com Uni\u00e3o da Vit\u00f3ria, Cruz Machado, Rio Azul, S\u00e3o Mateus do Sul e Paulo Frontin. Segundo o Instituto Paranaense de Desenvolvimento Econ\u00f4mico e Social (Ipardes), a principal fonte de renda do munic\u00edpio \u00e9 a ind\u00fastria de transforma\u00e7\u00e3o, com destaque para o papel e a madeira.<\/p>\n","protected":false},"excerpt":{"rendered":"<p>A secretaria estadual de Infraestrutura e Log\u00edstica (SEIL) firmou uma coopera\u00e7\u00e3o com o munic\u00edpio de Mallet, regi\u00e3o Centro-Sul, para fornecer pe\u00e7as pr\u00e9-moldadas de concreto que ser\u00e3o utilizadas na constru\u00e7\u00e3o de uma nova ponte sobre o Rio Bra\u00e7o Potinga. A estrutura vai ficar na rodovia municipal MLL-406, ligando a Comunidade Lajeado de Baixo com a Col\u00f4nia [&hellip;]<\/p>\n","protected":false},"author":2,"featured_media":23665,"comment_status":"open","ping_status":"open","sticky":false,"template":"","format":"standard","meta":{"footnotes":""},"categories":[184],"tags":[172],"class_list":["post-23664","post","type-post","status-publish","format-standard","has-post-thumbnail","hentry","category-local","tag-featured"],"amp_enabled":true,"_links":{"self":[{"href":"https:\/\/radiostudiow.com.br\/site\/wp-json\/wp\/v2\/posts\/23664","targetHints":{"allow":["GET"]}}],"collection":[{"href":"https:\/\/radiostudiow.com.br\/site\/wp-json\/wp\/v2\/posts"}],"about":[{"href":"https:\/\/radiostudiow.com.br\/site\/wp-json\/wp\/v2\/types\/post"}],"author":[{"embeddable":true,"href":"https:\/\/radiostudiow.com.br\/site\/wp-json\/wp\/v2\/users\/2"}],"replies":[{"embeddable":true,"href":"https:\/\/radiostudiow.com.br\/site\/wp-json\/wp\/v2\/comments?post=23664"}],"version-history":[{"count":3,"href":"https:\/\/radiostudiow.com.br\/site\/wp-json\/wp\/v2\/posts\/23664\/revisions"}],"predecessor-version":[{"id":23674,"href":"https:\/\/radiostudiow.com.br\/site\/wp-json\/wp\/v2\/posts\/23664\/revisions\/23674"}],"wp:featuredmedia":[{"embeddable":true,"href":"https:\/\/radiostudiow.com.br\/site\/wp-json\/wp\/v2\/media\/23665"}],"wp:attachment":[{"href":"https:\/\/radiostudiow.com.br\/site\/wp-json\/wp\/v2\/media?parent=23664"}],"wp:term":[{"taxonomy":"category","embeddable":true,"href":"https:\/\/radiostudiow.com.br\/site\/wp-json\/wp\/v2\/categories?post=23664"},{"taxonomy":"post_tag","embeddable":true,"href":"https:\/\/radiostudiow.com.br\/site\/wp-json\/wp\/v2\/tags?post=23664"}],"curies":[{"name":"wp","href":"https:\/\/api.w.org\/{rel}","templated":true}]}}