{"id":23670,"date":"2024-06-18T22:20:28","date_gmt":"2024-06-19T01:20:28","guid":{"rendered":"https:\/\/radiostudiow.com.br\/site\/?p=23670"},"modified":"2025-01-31T14:59:14","modified_gmt":"2025-01-31T17:59:14","slug":"dois-homens-sao-presos-em-flagrante-por-trafico-de-drogas-em-mallet","status":"publish","type":"post","link":"https:\/\/radiostudiow.com.br\/site\/2024\/06\/18\/dois-homens-sao-presos-em-flagrante-por-trafico-de-drogas-em-mallet\/","title":{"rendered":"Dois homens s\u00e3o presos em flagrante por tr\u00e1fico de drogas em Mallet"},"content":{"rendered":"\n<p>A equipe da Pol\u00edcia Militar estava em patrulhamento na Vila Caroline quando abordou dois homens por volta das 20:12 horas dessa segunda-feira (17).<\/p>\n\n\n\n<figure class=\"wp-block-image size-full\"><img loading=\"lazy\" decoding=\"async\" width=\"300\" height=\"180\" src=\"https:\/\/radiostudiow.com.br\/site\/wp-content\/uploads\/2024\/04\/SITE-PEQUENO-1.png\" alt=\"\" class=\"wp-image-21868\"\/><\/figure>\n\n\n\n<p><br>Em revista pessoal, foi encontrado com um dos suspeitos 11 (onze) buchas de subst\u00e2ncia an\u00e1loga a coca\u00edna totalizando (3,1 gramas).<\/p>\n\n\n\n<p>Diante da situa\u00e7\u00e3o foi lido os direitos constitucionais, e os autores foram encaminhados \u00e0 central de flagrantes em Uni\u00e3o da Vit\u00f3ria para providencias cab\u00edveis.<\/p>\n\n\n\n<figure class=\"wp-block-image size-full\"><img decoding=\"async\" src=\"https:\/\/radiostudiow.com.br\/site\/wp-content\/uploads\/2024\/04\/image-55.png\" alt=\"\" class=\"wp-image-21389\"\/><\/figure>\n","protected":false},"excerpt":{"rendered":"<p>A equipe da Pol\u00edcia Militar estava em patrulhamento na Vila Caroline quando abordou dois homens por volta das 20:12 horas dessa segunda-feira (17). Em revista pessoal, foi encontrado com um dos suspeitos 11 (onze) buchas de subst\u00e2ncia an\u00e1loga a coca\u00edna totalizando (3,1 gramas). Diante da situa\u00e7\u00e3o foi lido os direitos constitucionais, e os autores foram [&hellip;]<\/p>\n","protected":false},"author":2,"featured_media":23687,"comment_status":"open","ping_status":"open","sticky":false,"template":"","format":"standard","meta":{"footnotes":""},"categories":[2],"tags":[172],"class_list":["post-23670","post","type-post","status-publish","format-standard","has-post-thumbnail","hentry","category-policial","tag-featured"],"amp_enabled":true,"_links":{"self":[{"href":"https:\/\/radiostudiow.com.br\/site\/wp-json\/wp\/v2\/posts\/23670","targetHints":{"allow":["GET"]}}],"collection":[{"href":"https:\/\/radiostudiow.com.br\/site\/wp-json\/wp\/v2\/posts"}],"about":[{"href":"https:\/\/radiostudiow.com.br\/site\/wp-json\/wp\/v2\/types\/post"}],"author":[{"embeddable":true,"href":"https:\/\/radiostudiow.com.br\/site\/wp-json\/wp\/v2\/users\/2"}],"replies":[{"embeddable":true,"href":"https:\/\/radiostudiow.com.br\/site\/wp-json\/wp\/v2\/comments?post=23670"}],"version-history":[{"count":2,"href":"https:\/\/radiostudiow.com.br\/site\/wp-json\/wp\/v2\/posts\/23670\/revisions"}],"predecessor-version":[{"id":23688,"href":"https:\/\/radiostudiow.com.br\/site\/wp-json\/wp\/v2\/posts\/23670\/revisions\/23688"}],"wp:featuredmedia":[{"embeddable":true,"href":"https:\/\/radiostudiow.com.br\/site\/wp-json\/wp\/v2\/media\/23687"}],"wp:attachment":[{"href":"https:\/\/radiostudiow.com.br\/site\/wp-json\/wp\/v2\/media?parent=23670"}],"wp:term":[{"taxonomy":"category","embeddable":true,"href":"https:\/\/radiostudiow.com.br\/site\/wp-json\/wp\/v2\/categories?post=23670"},{"taxonomy":"post_tag","embeddable":true,"href":"https:\/\/radiostudiow.com.br\/site\/wp-json\/wp\/v2\/tags?post=23670"}],"curies":[{"name":"wp","href":"https:\/\/api.w.org\/{rel}","templated":true}]}}