{"id":23691,"date":"2024-06-18T22:23:42","date_gmt":"2024-06-19T01:23:42","guid":{"rendered":"https:\/\/radiostudiow.com.br\/site\/?p=23691"},"modified":"2025-01-31T14:59:14","modified_gmt":"2025-01-31T17:59:14","slug":"nucleo-de-operacao-com-caes-da-policia-civil-prende-quatro-pessoas-por-trafico-de-drogas-em-uniao-da-vitoria","status":"publish","type":"post","link":"https:\/\/radiostudiow.com.br\/site\/2024\/06\/18\/nucleo-de-operacao-com-caes-da-policia-civil-prende-quatro-pessoas-por-trafico-de-drogas-em-uniao-da-vitoria\/","title":{"rendered":"N\u00facleo de Opera\u00e7\u00e3o com C\u00e3es da Pol\u00edcia Civil prende quatro pessoas por tr\u00e1fico de drogas em Uni\u00e3o da Vit\u00f3ria"},"content":{"rendered":"\n<p>A Pol\u00edcia Civil do Paran\u00e1, atrav\u00e9s da equipe da 4\u00ba SDP de Uni\u00e3o da Vit\u00f3ria, cumpriu mandados de busca e apreens\u00e3o contra quatro suspeitos de envolvimento no tr\u00e1fico de drogas, nesta nesta ter\u00e7a-feira (18), em Uni\u00e3o da Vit\u00f3ria. A a\u00e7\u00e3o contou com o importante apoio do N\u00facleo de Opera\u00e7\u00e3o com C\u00e3es (NOC) da Pol\u00edcia Civil do Paran\u00e1.<\/p>\n\n\n\n<figure class=\"wp-block-image size-full\"><img loading=\"lazy\" decoding=\"async\" width=\"590\" height=\"204\" src=\"https:\/\/radiostudiow.com.br\/site\/wp-content\/uploads\/2024\/04\/image-27.png\" alt=\"\" class=\"wp-image-21280\" srcset=\"https:\/\/radiostudiow.com.br\/site\/wp-content\/uploads\/2024\/04\/image-27.png 590w, https:\/\/radiostudiow.com.br\/site\/wp-content\/uploads\/2024\/04\/image-27-300x104.png 300w\" sizes=\"auto, (max-width: 590px) 100vw, 590px\" \/><\/figure>\n\n\n\n<p>Durante as buscas, os policiais civis apreenderam subst\u00e2ncias an\u00e1logas a crack e maconha. Foram apreendidos tamb\u00e9m dois aparelhos celulares, os quais ser\u00e3o encaminhados \u00e0 per\u00edcia e que v\u00e3o auxiliar no andamento das investiga\u00e7\u00f5es. Um homem de 28 anos foi preso em flagrante.<\/p>\n\n\n\n<p>Essa a\u00e7\u00e3o visa a repress\u00e3o ao tr\u00e1fico de drogas no munic\u00edpio.<\/p>\n","protected":false},"excerpt":{"rendered":"<p>A Pol\u00edcia Civil do Paran\u00e1, atrav\u00e9s da equipe da 4\u00ba SDP de Uni\u00e3o da Vit\u00f3ria, cumpriu mandados de busca e apreens\u00e3o contra quatro suspeitos de envolvimento no tr\u00e1fico de drogas, nesta nesta ter\u00e7a-feira (18), em Uni\u00e3o da Vit\u00f3ria. A a\u00e7\u00e3o contou com o importante apoio do N\u00facleo de Opera\u00e7\u00e3o com C\u00e3es (NOC) da Pol\u00edcia Civil [&hellip;]<\/p>\n","protected":false},"author":2,"featured_media":23692,"comment_status":"open","ping_status":"open","sticky":false,"template":"","format":"standard","meta":{"footnotes":""},"categories":[2],"tags":[172],"class_list":["post-23691","post","type-post","status-publish","format-standard","has-post-thumbnail","hentry","category-policial","tag-featured"],"amp_enabled":true,"_links":{"self":[{"href":"https:\/\/radiostudiow.com.br\/site\/wp-json\/wp\/v2\/posts\/23691","targetHints":{"allow":["GET"]}}],"collection":[{"href":"https:\/\/radiostudiow.com.br\/site\/wp-json\/wp\/v2\/posts"}],"about":[{"href":"https:\/\/radiostudiow.com.br\/site\/wp-json\/wp\/v2\/types\/post"}],"author":[{"embeddable":true,"href":"https:\/\/radiostudiow.com.br\/site\/wp-json\/wp\/v2\/users\/2"}],"replies":[{"embeddable":true,"href":"https:\/\/radiostudiow.com.br\/site\/wp-json\/wp\/v2\/comments?post=23691"}],"version-history":[{"count":1,"href":"https:\/\/radiostudiow.com.br\/site\/wp-json\/wp\/v2\/posts\/23691\/revisions"}],"predecessor-version":[{"id":23693,"href":"https:\/\/radiostudiow.com.br\/site\/wp-json\/wp\/v2\/posts\/23691\/revisions\/23693"}],"wp:featuredmedia":[{"embeddable":true,"href":"https:\/\/radiostudiow.com.br\/site\/wp-json\/wp\/v2\/media\/23692"}],"wp:attachment":[{"href":"https:\/\/radiostudiow.com.br\/site\/wp-json\/wp\/v2\/media?parent=23691"}],"wp:term":[{"taxonomy":"category","embeddable":true,"href":"https:\/\/radiostudiow.com.br\/site\/wp-json\/wp\/v2\/categories?post=23691"},{"taxonomy":"post_tag","embeddable":true,"href":"https:\/\/radiostudiow.com.br\/site\/wp-json\/wp\/v2\/tags?post=23691"}],"curies":[{"name":"wp","href":"https:\/\/api.w.org\/{rel}","templated":true}]}}