{"id":23694,"date":"2024-06-18T22:25:58","date_gmt":"2024-06-19T01:25:58","guid":{"rendered":"https:\/\/radiostudiow.com.br\/site\/?p=23694"},"modified":"2025-01-31T14:59:14","modified_gmt":"2025-01-31T17:59:14","slug":"motorista-que-morreu-na-pr-151-era-do-rio-grande-do-sul","status":"publish","type":"post","link":"https:\/\/radiostudiow.com.br\/site\/2024\/06\/18\/motorista-que-morreu-na-pr-151-era-do-rio-grande-do-sul\/","title":{"rendered":"Motorista que morreu na PR-151 era do Rio Grande do Sul"},"content":{"rendered":"\n<p>Foi identificado como\u00a0V\u00edtor Mateus Hubner, de 35 anos, o caminhoneiro que morreu ap\u00f3s um grave acidente no in\u00edcio da tarde desta segunda-feira, 17 de junho, na PR-151, regi\u00e3o do Espig\u00e3ozinho em S\u00e3o Mateus do Sul.<\/p>\n\n\n\n<figure class=\"wp-block-image size-large\"><img loading=\"lazy\" decoding=\"async\" width=\"1024\" height=\"390\" src=\"https:\/\/radiostudiow.com.br\/site\/wp-content\/uploads\/2024\/06\/image-2-1024x390.png\" alt=\"\" class=\"wp-image-23309\" srcset=\"https:\/\/radiostudiow.com.br\/site\/wp-content\/uploads\/2024\/06\/image-2-1024x390.png 1024w, https:\/\/radiostudiow.com.br\/site\/wp-content\/uploads\/2024\/06\/image-2-300x114.png 300w, https:\/\/radiostudiow.com.br\/site\/wp-content\/uploads\/2024\/06\/image-2-768x292.png 768w, https:\/\/radiostudiow.com.br\/site\/wp-content\/uploads\/2024\/06\/image-2-1536x584.png 1536w, https:\/\/radiostudiow.com.br\/site\/wp-content\/uploads\/2024\/06\/image-2-2048x779.png 2048w\" sizes=\"auto, (max-width: 1024px) 100vw, 1024px\" \/><\/figure>\n\n\n\n<p>Vitor era natural de Panambi, Rio Grande do Sul. Ele conduzia uma carreta quando saiu fora da pista e colidiu contra um poste.&nbsp;O impacto da batida foi t\u00e3o grande que a cabine acabou se desprendendo do restante do ve\u00edculo. O motorista morreu na hora.<\/p>\n\n\n\n<p>Corpo de Bombeiros e Pol\u00edcia Rodovi\u00e1ria Estadual foram acionados para o atendimento da ocorr\u00eancia. O Instituto M\u00e9dico Legal (IML), de Uni\u00e3o da Vit\u00f3ria e Criminial\u00edstica tamb\u00e9m foram acionados.<\/p>\n\n\n\n<figure class=\"wp-block-embed is-type-wp-embed is-provider-studio-w wp-block-embed-studio-w\"><div class=\"wp-block-embed__wrapper\">\n<blockquote class=\"wp-embedded-content\" data-secret=\"7qFtMVu9xg\"><a href=\"https:\/\/radiostudiow.com.br\/site\/2024\/06\/17\/cabine-de-caminhao-se-desprende-e-motorista-morre-na-pr-151\/\">Cabine de caminh\u00e3o se desprende e motorista morre em S\u00e3o Mateus do Sul<\/a><\/blockquote><iframe loading=\"lazy\" class=\"wp-embedded-content\" sandbox=\"allow-scripts\" security=\"restricted\" style=\"position: absolute; clip: rect(1px, 1px, 1px, 1px);\" title=\"&#8220;Cabine de caminh\u00e3o se desprende e motorista morre em S\u00e3o Mateus do Sul&#8221; &#8212; Studio W\" src=\"https:\/\/radiostudiow.com.br\/site\/2024\/06\/17\/cabine-de-caminhao-se-desprende-e-motorista-morre-na-pr-151\/embed\/#?secret=SOY3SbFQUL#?secret=7qFtMVu9xg\" data-secret=\"7qFtMVu9xg\" width=\"600\" height=\"338\" frameborder=\"0\" marginwidth=\"0\" marginheight=\"0\" scrolling=\"no\"><\/iframe>\n<\/div><\/figure>\n","protected":false},"excerpt":{"rendered":"<p>Foi identificado como\u00a0V\u00edtor Mateus Hubner, de 35 anos, o caminhoneiro que morreu ap\u00f3s um grave acidente no in\u00edcio da tarde desta segunda-feira, 17 de junho, na PR-151, regi\u00e3o do Espig\u00e3ozinho em S\u00e3o Mateus do Sul. Vitor era natural de Panambi, Rio Grande do Sul. Ele conduzia uma carreta quando saiu fora da pista e colidiu [&hellip;]<\/p>\n","protected":false},"author":2,"featured_media":23695,"comment_status":"open","ping_status":"open","sticky":false,"template":"","format":"standard","meta":{"footnotes":""},"categories":[185],"tags":[172],"class_list":["post-23694","post","type-post","status-publish","format-standard","has-post-thumbnail","hentry","category-regional","tag-featured"],"amp_enabled":true,"_links":{"self":[{"href":"https:\/\/radiostudiow.com.br\/site\/wp-json\/wp\/v2\/posts\/23694","targetHints":{"allow":["GET"]}}],"collection":[{"href":"https:\/\/radiostudiow.com.br\/site\/wp-json\/wp\/v2\/posts"}],"about":[{"href":"https:\/\/radiostudiow.com.br\/site\/wp-json\/wp\/v2\/types\/post"}],"author":[{"embeddable":true,"href":"https:\/\/radiostudiow.com.br\/site\/wp-json\/wp\/v2\/users\/2"}],"replies":[{"embeddable":true,"href":"https:\/\/radiostudiow.com.br\/site\/wp-json\/wp\/v2\/comments?post=23694"}],"version-history":[{"count":1,"href":"https:\/\/radiostudiow.com.br\/site\/wp-json\/wp\/v2\/posts\/23694\/revisions"}],"predecessor-version":[{"id":23696,"href":"https:\/\/radiostudiow.com.br\/site\/wp-json\/wp\/v2\/posts\/23694\/revisions\/23696"}],"wp:featuredmedia":[{"embeddable":true,"href":"https:\/\/radiostudiow.com.br\/site\/wp-json\/wp\/v2\/media\/23695"}],"wp:attachment":[{"href":"https:\/\/radiostudiow.com.br\/site\/wp-json\/wp\/v2\/media?parent=23694"}],"wp:term":[{"taxonomy":"category","embeddable":true,"href":"https:\/\/radiostudiow.com.br\/site\/wp-json\/wp\/v2\/categories?post=23694"},{"taxonomy":"post_tag","embeddable":true,"href":"https:\/\/radiostudiow.com.br\/site\/wp-json\/wp\/v2\/tags?post=23694"}],"curies":[{"name":"wp","href":"https:\/\/api.w.org\/{rel}","templated":true}]}}