{"id":23697,"date":"2024-06-18T22:27:06","date_gmt":"2024-06-19T01:27:06","guid":{"rendered":"https:\/\/radiostudiow.com.br\/site\/?p=23697"},"modified":"2025-01-31T14:59:14","modified_gmt":"2025-01-31T17:59:14","slug":"acidente-envolve-ambulancia-de-bituruna-e-caminhao-na-pr-170","status":"publish","type":"post","link":"https:\/\/radiostudiow.com.br\/site\/2024\/06\/18\/acidente-envolve-ambulancia-de-bituruna-e-caminhao-na-pr-170\/","title":{"rendered":"Acidente envolve ambul\u00e2ncia de Bituruna e caminh\u00e3o na PR-170"},"content":{"rendered":"\n<p>Uma ambul\u00e2ncia de Bituruna, que transportava um paciente para o Hospital Regional de Uni\u00e3o da Vit\u00f3ria, colidiu na traseira de um caminh\u00e3o na PR-170, na descida do trevo que liga a PR-170 com a BR-153. A situa\u00e7\u00e3o ocorreu por volta das 07 horas de hoje ter\u00e7a-feira (18).<\/p>\n\n\n\n<figure class=\"wp-block-image size-full\"><img loading=\"lazy\" decoding=\"async\" width=\"897\" height=\"204\" src=\"https:\/\/radiostudiow.com.br\/site\/wp-content\/uploads\/2024\/04\/image-38.png\" alt=\"\" class=\"wp-image-21308\" srcset=\"https:\/\/radiostudiow.com.br\/site\/wp-content\/uploads\/2024\/04\/image-38.png 897w, https:\/\/radiostudiow.com.br\/site\/wp-content\/uploads\/2024\/04\/image-38-300x68.png 300w, https:\/\/radiostudiow.com.br\/site\/wp-content\/uploads\/2024\/04\/image-38-768x175.png 768w\" sizes=\"auto, (max-width: 897px) 100vw, 897px\" \/><\/figure>\n\n\n\n<p>Os ocupantes da ambul\u00e2ncia, incluindo o paciente e a equipe m\u00e9dica, sofreram apenas ferimentos leves. Eles foram rapidamente socorridos pelo Servi\u00e7o de Atendimento M\u00f3vel de Urg\u00eancia (SAMU) do munic\u00edpio de General Carneiro.<\/p>\n\n\n\n<p>O tr\u00e1fego na regi\u00e3o foi temporariamente interrompido para o atendimento da ocorr\u00eancia, mas j\u00e1 foi normalizado.<\/p>\n\n\n\n<figure class=\"wp-block-image size-full\"><img loading=\"lazy\" decoding=\"async\" width=\"660\" height=\"660\" src=\"https:\/\/radiostudiow.com.br\/site\/wp-content\/uploads\/2024\/06\/acidente-ambulancia-bituruna-2-660x660-1.jpg\" alt=\"\" class=\"wp-image-23706\" srcset=\"https:\/\/radiostudiow.com.br\/site\/wp-content\/uploads\/2024\/06\/acidente-ambulancia-bituruna-2-660x660-1.jpg 660w, https:\/\/radiostudiow.com.br\/site\/wp-content\/uploads\/2024\/06\/acidente-ambulancia-bituruna-2-660x660-1-300x300.jpg 300w, https:\/\/radiostudiow.com.br\/site\/wp-content\/uploads\/2024\/06\/acidente-ambulancia-bituruna-2-660x660-1-80x80.jpg 80w\" sizes=\"auto, (max-width: 660px) 100vw, 660px\" \/><\/figure>\n","protected":false},"excerpt":{"rendered":"<p>Uma ambul\u00e2ncia de Bituruna, que transportava um paciente para o Hospital Regional de Uni\u00e3o da Vit\u00f3ria, colidiu na traseira de um caminh\u00e3o na PR-170, na descida do trevo que liga a PR-170 com a BR-153. A situa\u00e7\u00e3o ocorreu por volta das 07 horas de hoje ter\u00e7a-feira (18). Os ocupantes da ambul\u00e2ncia, incluindo o paciente e [&hellip;]<\/p>\n","protected":false},"author":2,"featured_media":23705,"comment_status":"open","ping_status":"open","sticky":false,"template":"","format":"standard","meta":{"footnotes":""},"categories":[185],"tags":[172],"class_list":["post-23697","post","type-post","status-publish","format-standard","has-post-thumbnail","hentry","category-regional","tag-featured"],"amp_enabled":true,"_links":{"self":[{"href":"https:\/\/radiostudiow.com.br\/site\/wp-json\/wp\/v2\/posts\/23697","targetHints":{"allow":["GET"]}}],"collection":[{"href":"https:\/\/radiostudiow.com.br\/site\/wp-json\/wp\/v2\/posts"}],"about":[{"href":"https:\/\/radiostudiow.com.br\/site\/wp-json\/wp\/v2\/types\/post"}],"author":[{"embeddable":true,"href":"https:\/\/radiostudiow.com.br\/site\/wp-json\/wp\/v2\/users\/2"}],"replies":[{"embeddable":true,"href":"https:\/\/radiostudiow.com.br\/site\/wp-json\/wp\/v2\/comments?post=23697"}],"version-history":[{"count":3,"href":"https:\/\/radiostudiow.com.br\/site\/wp-json\/wp\/v2\/posts\/23697\/revisions"}],"predecessor-version":[{"id":23708,"href":"https:\/\/radiostudiow.com.br\/site\/wp-json\/wp\/v2\/posts\/23697\/revisions\/23708"}],"wp:featuredmedia":[{"embeddable":true,"href":"https:\/\/radiostudiow.com.br\/site\/wp-json\/wp\/v2\/media\/23705"}],"wp:attachment":[{"href":"https:\/\/radiostudiow.com.br\/site\/wp-json\/wp\/v2\/media?parent=23697"}],"wp:term":[{"taxonomy":"category","embeddable":true,"href":"https:\/\/radiostudiow.com.br\/site\/wp-json\/wp\/v2\/categories?post=23697"},{"taxonomy":"post_tag","embeddable":true,"href":"https:\/\/radiostudiow.com.br\/site\/wp-json\/wp\/v2\/tags?post=23697"}],"curies":[{"name":"wp","href":"https:\/\/api.w.org\/{rel}","templated":true}]}}