{"id":23709,"date":"2024-06-19T09:39:43","date_gmt":"2024-06-19T12:39:43","guid":{"rendered":"https:\/\/radiostudiow.com.br\/site\/?p=23709"},"modified":"2025-01-31T14:59:14","modified_gmt":"2025-01-31T17:59:14","slug":"boletim-da-saude-registra-25-028-novos-casos-de-dengue-e-mais-46-obitos-no-parana","status":"publish","type":"post","link":"https:\/\/radiostudiow.com.br\/site\/2024\/06\/19\/boletim-da-saude-registra-25-028-novos-casos-de-dengue-e-mais-46-obitos-no-parana\/","title":{"rendered":"Boletim da Sa\u00fade registra 25.028 novos casos de dengue e mais 46 \u00f3bitos no Paran\u00e1"},"content":{"rendered":"\n<p>O boletim semanal da dengue publicado nesta ter\u00e7a-feira (18) pela Secretaria de Estado da Sa\u00fade (Sesa) confirma 25.028 novos casos da doen\u00e7a e mais 46 mortes no Paran\u00e1. De acordo com o documento, o atual per\u00edodo epidemiol\u00f3gico, que teve in\u00edcio em julho de 2023, soma agora 460 \u00f3bitos, 505.893 diagn\u00f3sticos confirmados e 860.550 notifica\u00e7\u00f5es.<\/p>\n\n\n\n<figure class=\"wp-block-image size-large\"><img loading=\"lazy\" decoding=\"async\" width=\"1024\" height=\"390\" src=\"https:\/\/radiostudiow.com.br\/site\/wp-content\/uploads\/2024\/06\/image-2-1024x390.png\" alt=\"\" class=\"wp-image-23309\" srcset=\"https:\/\/radiostudiow.com.br\/site\/wp-content\/uploads\/2024\/06\/image-2-1024x390.png 1024w, https:\/\/radiostudiow.com.br\/site\/wp-content\/uploads\/2024\/06\/image-2-300x114.png 300w, https:\/\/radiostudiow.com.br\/site\/wp-content\/uploads\/2024\/06\/image-2-768x292.png 768w, https:\/\/radiostudiow.com.br\/site\/wp-content\/uploads\/2024\/06\/image-2-1536x584.png 1536w, https:\/\/radiostudiow.com.br\/site\/wp-content\/uploads\/2024\/06\/image-2-2048x779.png 2048w\" sizes=\"auto, (max-width: 1024px) 100vw, 1024px\" \/><\/figure>\n\n\n\n<p>As mortes registradas no informe desta semana ocorreram entre 1\u00ba de mar\u00e7o e 3 de junho. S\u00e3o 18 homens e 28 mulheres, com idades entre 3 meses e 92 anos, residentes em 27 munic\u00edpios: Paranagu\u00e1 (1), Curitiba (3), Ponta Grossa (3), Chopinzinho (1), Amp\u00e9re (3), Boa Esperan\u00e7a do Igua\u00e7u (1), Dois Vizinhos (1), En\u00e9as Marques (1), Francisco Beltr\u00e3o (5), Realeza (3), S\u00e3o Jorge D\u2019Oeste (1), Foz do Igua\u00e7u (1), Jesu\u00edtas (1), Nova Aurora (2), Quedas do Igua\u00e7u (1), Boa Esperan\u00e7a (1), Cianorte (1) Santa Isabel do Iva\u00ed (1), Maring\u00e1 (1), Apucarana (2), Borraz\u00f3polis (2), Calif\u00f3rnia (1), Londrina (2), Pitangueiras (1), Sertan\u00f3polis (1), Assis Chateaubriand (1) e Toledo (4). Desse total, 30 pessoas apresentavam comorbidades.<\/p>\n\n\n\n<p>A Regional com mais casos confirmados \u00e9 a 10\u00aa RS de Cascavel (59.952). Na sequ\u00eancia est\u00e3o a 17\u00aa RS de Londrina (59.711), 8\u00aa RS de Francisco Beltr\u00e3o (59.680), 16\u00aa RS de Apucarana (38.614), 15\u00aa RS de Maring\u00e1 (37.928) e 11\u00aa RS de Campo Mour\u00e3o (32.711).<\/p>\n\n\n\n<p>As cidades com maior n\u00famero de diagn\u00f3sticos positivos s\u00e3o Londrina (34.719), Cascavel (29.082), Maring\u00e1 (21.810) e Apucarana (18.464). H\u00e1 398 munic\u00edpios com confirma\u00e7\u00f5es de dengue \u2013 apenas Agudos do Sul, na Regi\u00e3o Metropolitana de Curitiba, n\u00e3o tem casos confirmados.<\/p>\n\n\n\n<figure class=\"wp-block-image size-large\"><img decoding=\"async\" src=\"https:\/\/radiostudiow.com.br\/site\/wp-content\/uploads\/2024\/05\/LABIRATI-1024x1024.png\" alt=\"\" class=\"wp-image-22265\"\/><\/figure>\n","protected":false},"excerpt":{"rendered":"<p>O boletim semanal da dengue publicado nesta ter\u00e7a-feira (18) pela Secretaria de Estado da Sa\u00fade (Sesa) confirma 25.028 novos casos da doen\u00e7a e mais 46 mortes no Paran\u00e1. De acordo com o documento, o atual per\u00edodo epidemiol\u00f3gico, que teve in\u00edcio em julho de 2023, soma agora 460 \u00f3bitos, 505.893 diagn\u00f3sticos confirmados e 860.550 notifica\u00e7\u00f5es. As [&hellip;]<\/p>\n","protected":false},"author":2,"featured_media":23432,"comment_status":"open","ping_status":"open","sticky":false,"template":"","format":"standard","meta":{"footnotes":""},"categories":[7],"tags":[172],"class_list":["post-23709","post","type-post","status-publish","format-standard","has-post-thumbnail","hentry","category-geral","tag-featured"],"amp_enabled":true,"_links":{"self":[{"href":"https:\/\/radiostudiow.com.br\/site\/wp-json\/wp\/v2\/posts\/23709","targetHints":{"allow":["GET"]}}],"collection":[{"href":"https:\/\/radiostudiow.com.br\/site\/wp-json\/wp\/v2\/posts"}],"about":[{"href":"https:\/\/radiostudiow.com.br\/site\/wp-json\/wp\/v2\/types\/post"}],"author":[{"embeddable":true,"href":"https:\/\/radiostudiow.com.br\/site\/wp-json\/wp\/v2\/users\/2"}],"replies":[{"embeddable":true,"href":"https:\/\/radiostudiow.com.br\/site\/wp-json\/wp\/v2\/comments?post=23709"}],"version-history":[{"count":1,"href":"https:\/\/radiostudiow.com.br\/site\/wp-json\/wp\/v2\/posts\/23709\/revisions"}],"predecessor-version":[{"id":23711,"href":"https:\/\/radiostudiow.com.br\/site\/wp-json\/wp\/v2\/posts\/23709\/revisions\/23711"}],"wp:featuredmedia":[{"embeddable":true,"href":"https:\/\/radiostudiow.com.br\/site\/wp-json\/wp\/v2\/media\/23432"}],"wp:attachment":[{"href":"https:\/\/radiostudiow.com.br\/site\/wp-json\/wp\/v2\/media?parent=23709"}],"wp:term":[{"taxonomy":"category","embeddable":true,"href":"https:\/\/radiostudiow.com.br\/site\/wp-json\/wp\/v2\/categories?post=23709"},{"taxonomy":"post_tag","embeddable":true,"href":"https:\/\/radiostudiow.com.br\/site\/wp-json\/wp\/v2\/tags?post=23709"}],"curies":[{"name":"wp","href":"https:\/\/api.w.org\/{rel}","templated":true}]}}