{"id":23715,"date":"2024-06-20T09:40:10","date_gmt":"2024-06-20T12:40:10","guid":{"rendered":"https:\/\/radiostudiow.com.br\/site\/?p=23715"},"modified":"2025-01-31T14:59:14","modified_gmt":"2025-01-31T17:59:14","slug":"prf-apreende-mais-de-195-kg-de-maconha-em-uniao-da-vitoria","status":"publish","type":"post","link":"https:\/\/radiostudiow.com.br\/site\/2024\/06\/20\/prf-apreende-mais-de-195-kg-de-maconha-em-uniao-da-vitoria\/","title":{"rendered":"PRF apreende mais de 195 kg de maconha em Uni\u00e3o da Vit\u00f3ria"},"content":{"rendered":"\n<p>A Pol\u00edcia Rodovi\u00e1ria Federal (PRF) apreendeu drogas que eram transportadas em um ve\u00edculo GM\/Classic Life, de cor branca, com placas de Francisco Beltr\u00e3o por volta de 10:40 horas de hoje quarta-feira (19).<\/p>\n\n\n\n<figure class=\"wp-block-image size-full\"><img decoding=\"async\" src=\"https:\/\/radiostudiow.com.br\/site\/wp-content\/uploads\/2024\/04\/SITE-MEDIO.png\" alt=\"\" class=\"wp-image-21854\"\/><\/figure>\n\n\n\n<p>Uma equipe da PRF do posto de Porto Vit\u00f3ria recebeu a informa\u00e7\u00e3o sobre o caso, e abordou o ve\u00edculo na rodovia. Em buscas no porta-malas, foram encontrados 11 pacotes, que ap\u00f3s pesado, totalizou 195,2 quilos da droga.<\/p>\n\n\n\n<p>O motorista disse aos policiais n\u00e3o saber da droga, e que apenas recebeu o servi\u00e7o de entrega do ve\u00edculo, que teria sa\u00eddo de Francisco Beltr\u00e3o, na regi\u00e3o Sudoeste do Paran\u00e1, e tinha como destino a capital Curitiba.<\/p>\n\n\n\n<p>O homem foi levado \u00e0 4\u00aa SDP em Uni\u00e3o da Vit\u00f3ria e foi enquadrado na qualifica\u00e7\u00e3o de autor de tr\u00e1fico de drogas.<\/p>\n\n\n\n<figure class=\"wp-block-image size-full\"><img loading=\"lazy\" decoding=\"async\" width=\"1024\" height=\"387\" src=\"https:\/\/radiostudiow.com.br\/site\/wp-content\/uploads\/2024\/04\/image-17.png\" alt=\"\" class=\"wp-image-21206\" srcset=\"https:\/\/radiostudiow.com.br\/site\/wp-content\/uploads\/2024\/04\/image-17.png 1024w, https:\/\/radiostudiow.com.br\/site\/wp-content\/uploads\/2024\/04\/image-17-300x113.png 300w, https:\/\/radiostudiow.com.br\/site\/wp-content\/uploads\/2024\/04\/image-17-768x290.png 768w\" sizes=\"auto, (max-width: 1024px) 100vw, 1024px\" \/><\/figure>\n\n\n\n<figure class=\"wp-block-image size-large\"><img loading=\"lazy\" decoding=\"async\" width=\"1024\" height=\"768\" src=\"https:\/\/radiostudiow.com.br\/site\/wp-content\/uploads\/2024\/06\/05-3-1024x768.jpeg\" alt=\"\" class=\"wp-image-23740\" srcset=\"https:\/\/radiostudiow.com.br\/site\/wp-content\/uploads\/2024\/06\/05-3-1024x768.jpeg 1024w, https:\/\/radiostudiow.com.br\/site\/wp-content\/uploads\/2024\/06\/05-3-300x225.jpeg 300w, https:\/\/radiostudiow.com.br\/site\/wp-content\/uploads\/2024\/06\/05-3-768x576.jpeg 768w, https:\/\/radiostudiow.com.br\/site\/wp-content\/uploads\/2024\/06\/05-3.jpeg 1068w\" sizes=\"auto, (max-width: 1024px) 100vw, 1024px\" \/><\/figure>\n","protected":false},"excerpt":{"rendered":"<p>A Pol\u00edcia Rodovi\u00e1ria Federal (PRF) apreendeu drogas que eram transportadas em um ve\u00edculo GM\/Classic Life, de cor branca, com placas de Francisco Beltr\u00e3o por volta de 10:40 horas de hoje quarta-feira (19). Uma equipe da PRF do posto de Porto Vit\u00f3ria recebeu a informa\u00e7\u00e3o sobre o caso, e abordou o ve\u00edculo na rodovia. Em buscas [&hellip;]<\/p>\n","protected":false},"author":2,"featured_media":23739,"comment_status":"open","ping_status":"open","sticky":false,"template":"","format":"standard","meta":{"footnotes":""},"categories":[2],"tags":[172],"class_list":["post-23715","post","type-post","status-publish","format-standard","has-post-thumbnail","hentry","category-policial","tag-featured"],"amp_enabled":true,"_links":{"self":[{"href":"https:\/\/radiostudiow.com.br\/site\/wp-json\/wp\/v2\/posts\/23715","targetHints":{"allow":["GET"]}}],"collection":[{"href":"https:\/\/radiostudiow.com.br\/site\/wp-json\/wp\/v2\/posts"}],"about":[{"href":"https:\/\/radiostudiow.com.br\/site\/wp-json\/wp\/v2\/types\/post"}],"author":[{"embeddable":true,"href":"https:\/\/radiostudiow.com.br\/site\/wp-json\/wp\/v2\/users\/2"}],"replies":[{"embeddable":true,"href":"https:\/\/radiostudiow.com.br\/site\/wp-json\/wp\/v2\/comments?post=23715"}],"version-history":[{"count":2,"href":"https:\/\/radiostudiow.com.br\/site\/wp-json\/wp\/v2\/posts\/23715\/revisions"}],"predecessor-version":[{"id":23741,"href":"https:\/\/radiostudiow.com.br\/site\/wp-json\/wp\/v2\/posts\/23715\/revisions\/23741"}],"wp:featuredmedia":[{"embeddable":true,"href":"https:\/\/radiostudiow.com.br\/site\/wp-json\/wp\/v2\/media\/23739"}],"wp:attachment":[{"href":"https:\/\/radiostudiow.com.br\/site\/wp-json\/wp\/v2\/media?parent=23715"}],"wp:term":[{"taxonomy":"category","embeddable":true,"href":"https:\/\/radiostudiow.com.br\/site\/wp-json\/wp\/v2\/categories?post=23715"},{"taxonomy":"post_tag","embeddable":true,"href":"https:\/\/radiostudiow.com.br\/site\/wp-json\/wp\/v2\/tags?post=23715"}],"curies":[{"name":"wp","href":"https:\/\/api.w.org\/{rel}","templated":true}]}}