{"id":23727,"date":"2024-06-19T18:38:36","date_gmt":"2024-06-19T21:38:36","guid":{"rendered":"https:\/\/radiostudiow.com.br\/site\/?p=23727"},"modified":"2025-01-31T14:59:14","modified_gmt":"2025-01-31T17:59:14","slug":"apreensao-de-mercadorias-ilicitas-na-br-153-em-uniao-da-vitoria","status":"publish","type":"post","link":"https:\/\/radiostudiow.com.br\/site\/2024\/06\/19\/apreensao-de-mercadorias-ilicitas-na-br-153-em-uniao-da-vitoria\/","title":{"rendered":"Apreens\u00e3o de mercadorias Il\u00edcitas na BR-153 em Uni\u00e3o da Vit\u00f3ria"},"content":{"rendered":"\n<figure class=\"wp-block-image size-full\"><img decoding=\"async\" src=\"https:\/\/radiostudiow.com.br\/site\/wp-content\/uploads\/2024\/04\/SITE-MEDIO.png\" alt=\"\" class=\"wp-image-21854\"\/><\/figure>\n\n\n\n<p>A equipe ROTAM de Uni\u00e3o da Vit\u00f3ria ap\u00f3s receber informa\u00e7\u00f5es an\u00f4nimas, abordou um ve\u00edculo VW Gol de cor branca na rodovia BR-153. Durante a vistoria veicular,\u00a0foram localizadas 240 garrafas de vinho provenientes da Argentina, sem a devida fiscaliza\u00e7\u00e3o aduaneira por volta das 00:50 horas de hoje quarta-feira (19).<\/p>\n\n\n\n<p>A ocorr\u00eancia foi caracterizada como crime de descaminho. O ve\u00edculo e as mercadorias foram apreendidos e encaminhados \u00e0 Receita Estadual para as devidas provid\u00eancias.<\/p>\n\n\n\n<p>A equipe do R\u00e1dio Patrulha da PM recebeu a informa\u00e7\u00e3o de que um ve\u00edculo Fiat\/Pulse, de cor branca, estava se deslocando da regi\u00e3o de fronteira em dire\u00e7\u00e3o ao leste do estado. Durante o patrulhamento, o ve\u00edculo foi avistado e abordado no bairro S\u00e3o Gabriel em Uni\u00e3o da Vit\u00f3ria.<\/p>\n\n\n\n<figure class=\"wp-block-image size-full\"><img loading=\"lazy\" decoding=\"async\" width=\"897\" height=\"204\" src=\"https:\/\/radiostudiow.com.br\/site\/wp-content\/uploads\/2024\/04\/image-37.png\" alt=\"\" class=\"wp-image-21305\" srcset=\"https:\/\/radiostudiow.com.br\/site\/wp-content\/uploads\/2024\/04\/image-37.png 897w, https:\/\/radiostudiow.com.br\/site\/wp-content\/uploads\/2024\/04\/image-37-300x68.png 300w, https:\/\/radiostudiow.com.br\/site\/wp-content\/uploads\/2024\/04\/image-37-768x175.png 768w\" sizes=\"auto, (max-width: 897px) 100vw, 897px\" \/><\/figure>\n\n\n\n<p>Embora a busca pessoal no condutor n\u00e3o tenha revelado itens il\u00edcitos, a busca no interior do ve\u00edculo resultou na apreens\u00e3o de diversos produtos de origem paraguaia, incluindo eletr\u00f4nicos, celulares e perfumes, configurando crime de descaminho.<\/p>\n\n\n\n<p>O ve\u00edculo e o autor foram encaminhados ao 27\u00b0 BPM, e as mercadorias foram apreendidas para posterior delibera\u00e7\u00e3o da Receita Federal.<\/p>\n","protected":false},"excerpt":{"rendered":"<p>A equipe ROTAM de Uni\u00e3o da Vit\u00f3ria ap\u00f3s receber informa\u00e7\u00f5es an\u00f4nimas, abordou um ve\u00edculo VW Gol de cor branca na rodovia BR-153. Durante a vistoria veicular,\u00a0foram localizadas 240 garrafas de vinho provenientes da Argentina, sem a devida fiscaliza\u00e7\u00e3o aduaneira por volta das 00:50 horas de hoje quarta-feira (19). A ocorr\u00eancia foi caracterizada como crime de [&hellip;]<\/p>\n","protected":false},"author":2,"featured_media":23732,"comment_status":"open","ping_status":"open","sticky":false,"template":"","format":"standard","meta":{"footnotes":""},"categories":[2],"tags":[172],"class_list":["post-23727","post","type-post","status-publish","format-standard","has-post-thumbnail","hentry","category-policial","tag-featured"],"amp_enabled":true,"_links":{"self":[{"href":"https:\/\/radiostudiow.com.br\/site\/wp-json\/wp\/v2\/posts\/23727","targetHints":{"allow":["GET"]}}],"collection":[{"href":"https:\/\/radiostudiow.com.br\/site\/wp-json\/wp\/v2\/posts"}],"about":[{"href":"https:\/\/radiostudiow.com.br\/site\/wp-json\/wp\/v2\/types\/post"}],"author":[{"embeddable":true,"href":"https:\/\/radiostudiow.com.br\/site\/wp-json\/wp\/v2\/users\/2"}],"replies":[{"embeddable":true,"href":"https:\/\/radiostudiow.com.br\/site\/wp-json\/wp\/v2\/comments?post=23727"}],"version-history":[{"count":2,"href":"https:\/\/radiostudiow.com.br\/site\/wp-json\/wp\/v2\/posts\/23727\/revisions"}],"predecessor-version":[{"id":23733,"href":"https:\/\/radiostudiow.com.br\/site\/wp-json\/wp\/v2\/posts\/23727\/revisions\/23733"}],"wp:featuredmedia":[{"embeddable":true,"href":"https:\/\/radiostudiow.com.br\/site\/wp-json\/wp\/v2\/media\/23732"}],"wp:attachment":[{"href":"https:\/\/radiostudiow.com.br\/site\/wp-json\/wp\/v2\/media?parent=23727"}],"wp:term":[{"taxonomy":"category","embeddable":true,"href":"https:\/\/radiostudiow.com.br\/site\/wp-json\/wp\/v2\/categories?post=23727"},{"taxonomy":"post_tag","embeddable":true,"href":"https:\/\/radiostudiow.com.br\/site\/wp-json\/wp\/v2\/tags?post=23727"}],"curies":[{"name":"wp","href":"https:\/\/api.w.org\/{rel}","templated":true}]}}