{"id":23730,"date":"2024-06-19T17:53:26","date_gmt":"2024-06-19T20:53:26","guid":{"rendered":"https:\/\/radiostudiow.com.br\/site\/?p=23730"},"modified":"2025-01-31T14:59:14","modified_gmt":"2025-01-31T17:59:14","slug":"homem-morre-vitima-de-suicidio-em-uniao-da-vitoria","status":"publish","type":"post","link":"https:\/\/radiostudiow.com.br\/site\/2024\/06\/19\/homem-morre-vitima-de-suicidio-em-uniao-da-vitoria\/","title":{"rendered":"Homem morre v\u00edtima de suic\u00eddio em Uni\u00e3o da Vit\u00f3ria"},"content":{"rendered":"\n<p>Um homem de 61 anos de idade morreu v\u00edtima de suic\u00eddio em Uni\u00e3o da Vit\u00f3ria. Seu corpo foi encontrado na manh\u00e3 desta quarta-feira (19).<\/p>\n\n\n\n<figure class=\"wp-block-image size-full\"><img loading=\"lazy\" decoding=\"async\" width=\"598\" height=\"204\" src=\"https:\/\/radiostudiow.com.br\/site\/wp-content\/uploads\/2024\/04\/image-23.png\" alt=\"\" class=\"wp-image-21221\" srcset=\"https:\/\/radiostudiow.com.br\/site\/wp-content\/uploads\/2024\/04\/image-23.png 598w, https:\/\/radiostudiow.com.br\/site\/wp-content\/uploads\/2024\/04\/image-23-300x102.png 300w\" sizes=\"auto, (max-width: 598px) 100vw, 598px\" \/><\/figure>\n\n\n\n<p>Conforme informa\u00e7\u00f5es, o homem foi encontrado com marcas no pesco\u00e7o em sua casa no bairro Navegantes.<\/p>\n\n\n\n<p>A ocorr\u00eancia foi atendida pela Pol\u00edcia Militar que acionou a Pol\u00edcia Cient\u00edfica. O corpo foi encaminhado ao Instituto M\u00e9dico Legal \u2013 IML.<\/p>\n\n\n\n<p><a href=\"https:\/\/www.facebook.com\/sharer.php?u=https%3A%2F%2Fcanal4.tv.br%2F2024%2F06%2F19%2Fhomem-morre-vitima-de-suicidio-em-uniao-da-vitoria%2F%3Ffbclid%3DIwZXh0bgNhZW0CMTEAAR2ALaPU1Wta73C32dKD4KHFpxA2-LYctwjUzlfaXMvuXKzitvvfUMjgkVE_aem_ZmFrZWR1bW15MTZieXRlcw\" target=\"_blank\" rel=\"noreferrer noopener\"><\/a><\/p>\n\n\n\n<p><a href=\"https:\/\/web.whatsapp.com\/send?text=Homem%20morre%20v%C3%ADtima%20de%20suic%C3%ADdio%20em%20Uni%C3%A3o%20da%20Vit%C3%B3ria%20%E2%98%9B%20https%3A%2F%2Fcanal4.tv.br%2F2024%2F06%2F19%2Fhomem-morre-vitima-de-suicidio-em-uniao-da-vitoria%2F%3Ffbclid%3DIwZXh0bgNhZW0CMTEAAR2ALaPU1Wta73C32dKD4KHFpxA2-LYctwjUzlfaXMvuXKzitvvfUMjgkVE_aem_ZmFrZWR1bW15MTZieXRlcw\" target=\"_blank\" rel=\"noreferrer noopener\"><\/a><\/p>\n\n\n\n<p><a href=\"javascript:void(0);\"><\/a><\/p>\n","protected":false},"excerpt":{"rendered":"<p>Um homem de 61 anos de idade morreu v\u00edtima de suic\u00eddio em Uni\u00e3o da Vit\u00f3ria. Seu corpo foi encontrado na manh\u00e3 desta quarta-feira (19). Conforme informa\u00e7\u00f5es, o homem foi encontrado com marcas no pesco\u00e7o em sua casa no bairro Navegantes. A ocorr\u00eancia foi atendida pela Pol\u00edcia Militar que acionou a Pol\u00edcia Cient\u00edfica. O corpo foi [&hellip;]<\/p>\n","protected":false},"author":2,"featured_media":22493,"comment_status":"open","ping_status":"open","sticky":false,"template":"","format":"standard","meta":{"footnotes":""},"categories":[2],"tags":[172],"class_list":["post-23730","post","type-post","status-publish","format-standard","has-post-thumbnail","hentry","category-policial","tag-featured"],"amp_enabled":true,"_links":{"self":[{"href":"https:\/\/radiostudiow.com.br\/site\/wp-json\/wp\/v2\/posts\/23730","targetHints":{"allow":["GET"]}}],"collection":[{"href":"https:\/\/radiostudiow.com.br\/site\/wp-json\/wp\/v2\/posts"}],"about":[{"href":"https:\/\/radiostudiow.com.br\/site\/wp-json\/wp\/v2\/types\/post"}],"author":[{"embeddable":true,"href":"https:\/\/radiostudiow.com.br\/site\/wp-json\/wp\/v2\/users\/2"}],"replies":[{"embeddable":true,"href":"https:\/\/radiostudiow.com.br\/site\/wp-json\/wp\/v2\/comments?post=23730"}],"version-history":[{"count":1,"href":"https:\/\/radiostudiow.com.br\/site\/wp-json\/wp\/v2\/posts\/23730\/revisions"}],"predecessor-version":[{"id":23731,"href":"https:\/\/radiostudiow.com.br\/site\/wp-json\/wp\/v2\/posts\/23730\/revisions\/23731"}],"wp:featuredmedia":[{"embeddable":true,"href":"https:\/\/radiostudiow.com.br\/site\/wp-json\/wp\/v2\/media\/22493"}],"wp:attachment":[{"href":"https:\/\/radiostudiow.com.br\/site\/wp-json\/wp\/v2\/media?parent=23730"}],"wp:term":[{"taxonomy":"category","embeddable":true,"href":"https:\/\/radiostudiow.com.br\/site\/wp-json\/wp\/v2\/categories?post=23730"},{"taxonomy":"post_tag","embeddable":true,"href":"https:\/\/radiostudiow.com.br\/site\/wp-json\/wp\/v2\/tags?post=23730"}],"curies":[{"name":"wp","href":"https:\/\/api.w.org\/{rel}","templated":true}]}}