{"id":2374,"date":"2021-06-09T12:01:19","date_gmt":"2021-06-09T15:01:19","guid":{"rendered":"https:\/\/radiostudiow.com.br\/site\/?p=2374"},"modified":"2025-01-15T11:47:24","modified_gmt":"2025-01-15T14:47:24","slug":"mulher-e-agredida-pela-cunhada-em-mallet","status":"publish","type":"post","link":"https:\/\/radiostudiow.com.br\/site\/2021\/06\/09\/mulher-e-agredida-pela-cunhada-em-mallet\/","title":{"rendered":"MULHER \u00c9 AGREDIDA PELA CUNHADA EM MALLET"},"content":{"rendered":"\n<p>Durante patrulhamento da equipe da Pol\u00edcia Militar de Mallet pela Vila Lopachinski, por volta das 10:00 horas dessa ter\u00e7a \u2013 feira, 08 de junho, uma mulher se aproximou da viatura e come\u00e7ou a relatar uma situa\u00e7\u00e3o de les\u00e3o corporal.<\/p>\n\n\n\n<p>De acordo com a solicitante, ap\u00f3s discuss\u00e3o com sua ex-cunhada foi agredida fisicamente, sofrendo uma les\u00e3o no nariz.<\/p>\n\n\n\n<p>Diante das informa\u00e7\u00f5es a equipe se deslocou at\u00e9 a resid\u00eancia da agressora e ap\u00f3s localizar- L\u00e1, as envolvidas foram encaminhadas at\u00e9 delegacia de Mallet para retirar o laudo de exame de les\u00f5es corporais.<\/p>\n\n\n\n<p>Posteriormente foram encaminhadas at\u00e9 o Hospital S\u00e3o Pedro e na sequ\u00eancia at\u00e9 o Pelot\u00e3o da Pol\u00edcia Militar para a realiza\u00e7\u00e3o do termo circunstanciado.<\/p>\n\n\n\n<figure class=\"wp-block-image size-large\"><img decoding=\"async\" src=\"https:\/\/radiostudiow.com.br\/site\/wp-content\/uploads\/2021\/05\/421-4219753_homem-homem-png.png\" alt=\"\" class=\"wp-image-2170\"\/><\/figure>\n","protected":false},"excerpt":{"rendered":"<p>Durante patrulhamento da equipe da Pol\u00edcia Militar de Mallet pela Vila Lopachinski, por volta das 10:00 horas dessa ter\u00e7a \u2013 feira, 08 de junho, uma mulher se aproximou da viatura e come\u00e7ou a relatar uma situa\u00e7\u00e3o de les\u00e3o corporal. De acordo com a solicitante, ap\u00f3s discuss\u00e3o com sua ex-cunhada foi agredida fisicamente, sofrendo uma les\u00e3o [&hellip;]<\/p>\n","protected":false},"author":2,"featured_media":0,"comment_status":"open","ping_status":"open","sticky":false,"template":"","format":"standard","meta":{"footnotes":""},"categories":[2],"tags":[172],"class_list":["post-2374","post","type-post","status-publish","format-standard","hentry","category-policial","tag-featured"],"amp_enabled":true,"_links":{"self":[{"href":"https:\/\/radiostudiow.com.br\/site\/wp-json\/wp\/v2\/posts\/2374","targetHints":{"allow":["GET"]}}],"collection":[{"href":"https:\/\/radiostudiow.com.br\/site\/wp-json\/wp\/v2\/posts"}],"about":[{"href":"https:\/\/radiostudiow.com.br\/site\/wp-json\/wp\/v2\/types\/post"}],"author":[{"embeddable":true,"href":"https:\/\/radiostudiow.com.br\/site\/wp-json\/wp\/v2\/users\/2"}],"replies":[{"embeddable":true,"href":"https:\/\/radiostudiow.com.br\/site\/wp-json\/wp\/v2\/comments?post=2374"}],"version-history":[{"count":1,"href":"https:\/\/radiostudiow.com.br\/site\/wp-json\/wp\/v2\/posts\/2374\/revisions"}],"predecessor-version":[{"id":2375,"href":"https:\/\/radiostudiow.com.br\/site\/wp-json\/wp\/v2\/posts\/2374\/revisions\/2375"}],"wp:attachment":[{"href":"https:\/\/radiostudiow.com.br\/site\/wp-json\/wp\/v2\/media?parent=2374"}],"wp:term":[{"taxonomy":"category","embeddable":true,"href":"https:\/\/radiostudiow.com.br\/site\/wp-json\/wp\/v2\/categories?post=2374"},{"taxonomy":"post_tag","embeddable":true,"href":"https:\/\/radiostudiow.com.br\/site\/wp-json\/wp\/v2\/tags?post=2374"}],"curies":[{"name":"wp","href":"https:\/\/api.w.org\/{rel}","templated":true}]}}