{"id":23745,"date":"2024-06-21T09:33:33","date_gmt":"2024-06-21T12:33:33","guid":{"rendered":"https:\/\/radiostudiow.com.br\/site\/?p=23745"},"modified":"2025-01-31T14:59:14","modified_gmt":"2025-01-31T17:59:14","slug":"senado-aprova-reformulacao-do-ensino-medio","status":"publish","type":"post","link":"https:\/\/radiostudiow.com.br\/site\/2024\/06\/21\/senado-aprova-reformulacao-do-ensino-medio\/","title":{"rendered":"Senado aprova reformula\u00e7\u00e3o do ensino m\u00e9dio\u00a0"},"content":{"rendered":"\n<p>O plen\u00e1rio do Senado aprovou nesta quarta-feira (19) a proposta que reformula o ensino m\u00e9dio no pa\u00eds. O substitutivo apresentado pela senadora Dorinha Seabra (Uni\u00e3o-TO)&nbsp;j\u00e1 havia sido aprovado&nbsp;na&nbsp;<a href=\"https:\/\/agenciabrasil.ebc.com.br\/politica\/noticia\/2024-06\/comissao-do-senado-aprova-texto-da-reforma-do-ensino-medio\"><strong>manh\u00e3 de hoje<\/strong><\/a>&nbsp;na Comiss\u00e3o de Educa\u00e7\u00e3o, e voltar\u00e1 para an\u00e1lise da C\u00e2mara dos Deputados.&nbsp;<\/p>\n\n\n\n<p>O texto amplia a carga hor\u00e1ria m\u00ednima total destinada \u00e0 forma\u00e7\u00e3o geral b\u00e1sica, das atuais 1,8 mil horas, a carga ser\u00e1 ampliada para 2,4 mil horas. Nos cursos t\u00e9cnicos e profissionais, a forma\u00e7\u00e3o geral b\u00e1sica poder\u00e1 ter carga hor\u00e1ria m\u00ednima de 2,2 mil horas at\u00e9 2028. As 200 horas restantes dever\u00e3o ser implantadas at\u00e9 2029.<\/p>\n\n\n\n<figure class=\"wp-block-image size-full\"><img decoding=\"async\" src=\"https:\/\/radiostudiow.com.br\/site\/wp-content\/uploads\/2024\/04\/image-55.png\" alt=\"\" class=\"wp-image-21389\"\/><\/figure>\n\n\n\n<p>A carga hor\u00e1ria m\u00ednima anual do ensino m\u00e9dio passa de 800 para 1 mil horas distribu\u00eddas em 200 dias letivos. Essa carga poder\u00e1 ser ampliada, de forma progressiva, para 1.400 horas, respeitando uma distribui\u00e7\u00e3o de 70% para forma\u00e7\u00e3o geral b\u00e1sica e 30% para os itiner\u00e1rios formativos.<\/p>\n\n\n\n<p>\u201cN\u00f3s queremos e precisamos que a educa\u00e7\u00e3o p\u00fablica brasileira garanta o direito a cada jovem, a cada crian\u00e7a, o direito de aprender, e que essa forma\u00e7\u00e3o seja robusta, que permita a continuidade, quer seja na forma\u00e7\u00e3o t\u00e9cnico-profissional, quer seja na \u00e1rea acad\u00eamica\u201d, disse a senadora Dorinha.&nbsp;<\/p>\n\n\n\n<p>O texto aprovado prev\u00ea a inclus\u00e3o da l\u00edngua espanhola como componente curricular obrigat\u00f3rio, al\u00e9m do ingl\u00eas. Outros idiomas poder\u00e3o ser ofertados em localidades com influ\u00eancias de pa\u00edses cujas l\u00ednguas oficiais sejam outras.<\/p>\n\n\n\n<p><strong>Hidrog\u00eanio Verde<\/strong><\/p>\n\n\n\n<p>O Senado tamb\u00e9m aprovou o texto base do projeto de lei que estabelece o marco regulat\u00f3rio para a produ\u00e7\u00e3o do&nbsp;<a href=\"https:\/\/agenciabrasil.ebc.com.br\/economia\/noticia\/2022-10\/agencia-brasil-explica-o-que-e-hidrogenio-verde\"><strong>hidrog\u00eanio de baixa emiss\u00e3o de carbono&nbsp;<\/strong><\/a>e determina incentivos fiscais e financeiros para o setor. A previs\u00e3o \u00e9 que os incentivos fiscais para o setor cheguem a R$ 18,3 bilh\u00f5es.&nbsp;<\/p>\n\n\n\n<p>O projeto cria a pol\u00edtica nacional do hidrog\u00eanio de baixa emiss\u00e3o de carbono, que compreende o Programa Nacional do Hidrog\u00eanio, o Programa de Desenvolvimento do Hidrog\u00eanio de Baixa Emiss\u00e3o de Carbono (PHBC), o Sistema Brasileiro de Certifica\u00e7\u00e3o do Hidrog\u00eanio e o Regime Especial de Incentivos para a Produ\u00e7\u00e3o de Hidrog\u00eanio de Baixa Emiss\u00e3o de Carbono (Rehidro).<\/p>\n\n\n\n<figure class=\"wp-block-image size-full\"><img decoding=\"async\" src=\"https:\/\/radiostudiow.com.br\/site\/wp-content\/uploads\/2024\/04\/image-42.png\" alt=\"\" class=\"wp-image-21334\"\/><\/figure>\n\n\n\n<p>Antes de ir ao Plen\u00e1rio, o tema foi debatido no Senado pela&nbsp; Comiss\u00e3o Especial do Hidrog\u00eanio Verde. O presidente da comiss\u00e3o, senador Cid Gomes (PSB-CE), destacou que todos os estados brasileiros t\u00eam voca\u00e7\u00e3o para a produ\u00e7\u00e3o de hidrog\u00eanio com baixo teor de carbono, com diversas fontes de energia. \u201cO Brasil pode ser protagonista de vanguarda no mundo nessa quest\u00e3o de hidrog\u00eanio com baixa emiss\u00e3o de carbono\u201d.&nbsp;<\/p>\n\n\n\n<p>Os destaques apresentados pelos senadores ao projeto ser\u00e3o votados na pr\u00f3xima sess\u00e3o.&nbsp;<\/p>\n\n\n\n<p><strong>Autoridades<\/strong><\/p>\n\n\n\n<p>Os senadores aprovaram hoje em plen\u00e1rio a indica\u00e7\u00e3o do ministro do Superior Tribunal de Justi\u00e7a (STJ) Mauro Campbell Marques para exercer o cargo de corregedor nacional de Justi\u00e7a no Conselho Nacional de Justi\u00e7a (CNJ), durante o bi\u00eanio 2024-2026.<\/p>\n\n\n\n<p>O cargo \u00e9 exercido atualmente pelo ministro Luis Felipe Salom\u00e3o, cujo mandato termina neste ano. O corregedor recebe reclama\u00e7\u00f5es e den\u00fancias sobre magistrados e exerce fun\u00e7\u00f5es de inspe\u00e7\u00e3o e correi\u00e7\u00e3o.<\/p>\n\n\n\n<figure class=\"wp-block-image size-full\"><img loading=\"lazy\" decoding=\"async\" width=\"897\" height=\"204\" src=\"https:\/\/radiostudiow.com.br\/site\/wp-content\/uploads\/2024\/04\/image-37.png\" alt=\"\" class=\"wp-image-21305\" srcset=\"https:\/\/radiostudiow.com.br\/site\/wp-content\/uploads\/2024\/04\/image-37.png 897w, https:\/\/radiostudiow.com.br\/site\/wp-content\/uploads\/2024\/04\/image-37-300x68.png 300w, https:\/\/radiostudiow.com.br\/site\/wp-content\/uploads\/2024\/04\/image-37-768x175.png 768w\" sizes=\"auto, (max-width: 897px) 100vw, 897px\" \/><\/figure>\n\n\n\n<p>O nome de Ant\u00f4nio Fabr\u00edcio de Matos Gon\u00e7alves para o cargo de ministro do Tribunal Superior do Trabalho (TST) tamb\u00e9m foi aprovado.&nbsp;<a href=\"https:\/\/agenciabrasil.ebc.com.br\/politica\/noticia\/2024-04\/lula-indica-advogado-antonio-fabricio-goncalves-para-o-tst\"><strong>Indicado pelo presidente<\/strong><\/a>&nbsp;Luiz In\u00e1cio Lula da Silva, ele ocupar\u00e1 a vaga aberta com a aposentadoria do ministro Emmanoel Pereira.&nbsp;<\/p>\n\n\n\n<p>Tamb\u00e9m foram aprovados dois nomes para o Conselho Administrativo de Defesa Econ\u00f4mica (Cade). Alexandre Barreto de Souza teve seu nome aprovado para a recondu\u00e7\u00e3o ao cargo de superintendente-geral do Conselho e advogado Andr\u00e9 Lu\u00eds Macagnan Freire para o cargo de procurador-chefe da Procuradoria Federal Especializada do Cade.&nbsp;<\/p>\n","protected":false},"excerpt":{"rendered":"<p>O plen\u00e1rio do Senado aprovou nesta quarta-feira (19) a proposta que reformula o ensino m\u00e9dio no pa\u00eds. O substitutivo apresentado pela senadora Dorinha Seabra (Uni\u00e3o-TO)&nbsp;j\u00e1 havia sido aprovado&nbsp;na&nbsp;manh\u00e3 de hoje&nbsp;na Comiss\u00e3o de Educa\u00e7\u00e3o, e voltar\u00e1 para an\u00e1lise da C\u00e2mara dos Deputados.&nbsp; O texto amplia a carga hor\u00e1ria m\u00ednima total destinada \u00e0 forma\u00e7\u00e3o geral b\u00e1sica, das [&hellip;]<\/p>\n","protected":false},"author":2,"featured_media":23746,"comment_status":"open","ping_status":"open","sticky":false,"template":"","format":"standard","meta":{"footnotes":""},"categories":[7],"tags":[172],"class_list":["post-23745","post","type-post","status-publish","format-standard","has-post-thumbnail","hentry","category-geral","tag-featured"],"amp_enabled":true,"_links":{"self":[{"href":"https:\/\/radiostudiow.com.br\/site\/wp-json\/wp\/v2\/posts\/23745","targetHints":{"allow":["GET"]}}],"collection":[{"href":"https:\/\/radiostudiow.com.br\/site\/wp-json\/wp\/v2\/posts"}],"about":[{"href":"https:\/\/radiostudiow.com.br\/site\/wp-json\/wp\/v2\/types\/post"}],"author":[{"embeddable":true,"href":"https:\/\/radiostudiow.com.br\/site\/wp-json\/wp\/v2\/users\/2"}],"replies":[{"embeddable":true,"href":"https:\/\/radiostudiow.com.br\/site\/wp-json\/wp\/v2\/comments?post=23745"}],"version-history":[{"count":2,"href":"https:\/\/radiostudiow.com.br\/site\/wp-json\/wp\/v2\/posts\/23745\/revisions"}],"predecessor-version":[{"id":23782,"href":"https:\/\/radiostudiow.com.br\/site\/wp-json\/wp\/v2\/posts\/23745\/revisions\/23782"}],"wp:featuredmedia":[{"embeddable":true,"href":"https:\/\/radiostudiow.com.br\/site\/wp-json\/wp\/v2\/media\/23746"}],"wp:attachment":[{"href":"https:\/\/radiostudiow.com.br\/site\/wp-json\/wp\/v2\/media?parent=23745"}],"wp:term":[{"taxonomy":"category","embeddable":true,"href":"https:\/\/radiostudiow.com.br\/site\/wp-json\/wp\/v2\/categories?post=23745"},{"taxonomy":"post_tag","embeddable":true,"href":"https:\/\/radiostudiow.com.br\/site\/wp-json\/wp\/v2\/tags?post=23745"}],"curies":[{"name":"wp","href":"https:\/\/api.w.org\/{rel}","templated":true}]}}