{"id":23749,"date":"2024-06-21T10:56:02","date_gmt":"2024-06-21T13:56:02","guid":{"rendered":"https:\/\/radiostudiow.com.br\/site\/?p=23749"},"modified":"2025-01-31T14:59:14","modified_gmt":"2025-01-31T17:59:14","slug":"12-mil-acidentes-somente-neste-anosaude-alerta-para-o-risco-de-quedas-de-idosos","status":"publish","type":"post","link":"https:\/\/radiostudiow.com.br\/site\/2024\/06\/21\/12-mil-acidentes-somente-neste-anosaude-alerta-para-o-risco-de-quedas-de-idosos\/","title":{"rendered":"12 mil acidentes somente neste ano,Sa\u00fade alerta para o risco de quedas de idosos"},"content":{"rendered":"\n<p>O Servi\u00e7o de Atendimento M\u00f3vel de Urg\u00eancia (Samu) e o Servi\u00e7o Integrado de Atendimento ao Trauma em Emerg\u00eancia (Siate) registraram, somente nos primeiros seis meses do ano, 11.856 ocorr\u00eancias por quedas de pessoas entre 60 e 103 anos, no Paran\u00e1.<\/p>\n\n\n\n<figure class=\"wp-block-image size-full\"><img decoding=\"async\" src=\"https:\/\/radiostudiow.com.br\/site\/wp-content\/uploads\/2024\/04\/SITE-MEDIO.png\" alt=\"\" class=\"wp-image-21854\"\/><\/figure>\n\n\n\n<p>Escorreg\u00f5es, trope\u00e7os, passos em falso e falta de equil\u00edbrio s\u00e3o as causas mais frequentes de quedas de pessoas acima de 60 anos. Com um grau mais leve ou grave, elas s\u00e3o comuns nessa faixa et\u00e1ria e podem acarretar s\u00e9rias consequ\u00eancias ou ainda deixar sequelas, comprometendo a qualidade de vida. A Secretaria de Estado da Sa\u00fade (Sesa) chama a aten\u00e7\u00e3o da popula\u00e7\u00e3o em geral, profissionais de sa\u00fade e cuidadores para esse cen\u00e1rio.<\/p>\n\n\n\n<p>De acordo com o Sistema de Informa\u00e7\u00f5es sobre Mortalidade (SIM) do Minist\u00e9rio da Sa\u00fade, no ano passado 1.214 pessoas idosas no Estado perderam a vida em decorr\u00eancia das quedas, sejam elas de mesmo n\u00edvel ou de n\u00edvel elevado.<\/p>\n\n\n\n<p><strong>DICAS DE PREVEN\u00c7\u00c3O<\/strong>\u00a0\u2013 Al\u00e9m das quedas, existem outros perigos que, apesar de menos frequentes, tamb\u00e9m fazem parte deste cen\u00e1rio, como queimaduras, choques el\u00e9tricos, acidentes com animais, ferimentos com instrumentos cortantes e intoxica\u00e7\u00f5es. A resid\u00eancia \u00e9 o local onde a maioria das quedas e outros acidentes acontecem.<\/p>\n\n\n\n<figure class=\"wp-block-image size-full\"><img decoding=\"async\" src=\"https:\/\/radiostudiow.com.br\/site\/wp-content\/uploads\/2024\/02\/bannerhoje.jpg\" alt=\"\" class=\"wp-image-19695\"\/><\/figure>\n\n\n\n<p>\u00c9 importante conhecer e corrigir os riscos ambientais; ingerir l\u00edquidos e manter alimenta\u00e7\u00e3o saud\u00e1vel; evitar comportamentos de risco; realizar avalia\u00e7\u00f5es peri\u00f3dicas de sa\u00fade incluindo vis\u00e3o e audi\u00e7\u00e3o; usar sempre os \u00f3culos, aparelho de audi\u00e7\u00e3o e de aux\u00edlio \u00e0 marcha (bengalas, andador) quando recomendados; usar somente medicamentos prescritos pelo m\u00e9dico (revisados periodicamente, eliminando ou substituindo os que podem contribuir para ocorr\u00eancia de quedas), al\u00e9m de fazer exerc\u00edcios regularmente.<\/p>\n","protected":false},"excerpt":{"rendered":"<p>O Servi\u00e7o de Atendimento M\u00f3vel de Urg\u00eancia (Samu) e o Servi\u00e7o Integrado de Atendimento ao Trauma em Emerg\u00eancia (Siate) registraram, somente nos primeiros seis meses do ano, 11.856 ocorr\u00eancias por quedas de pessoas entre 60 e 103 anos, no Paran\u00e1. Escorreg\u00f5es, trope\u00e7os, passos em falso e falta de equil\u00edbrio s\u00e3o as causas mais frequentes de [&hellip;]<\/p>\n","protected":false},"author":2,"featured_media":23788,"comment_status":"open","ping_status":"open","sticky":false,"template":"","format":"standard","meta":{"footnotes":""},"categories":[7],"tags":[172],"class_list":["post-23749","post","type-post","status-publish","format-standard","has-post-thumbnail","hentry","category-geral","tag-featured"],"amp_enabled":true,"_links":{"self":[{"href":"https:\/\/radiostudiow.com.br\/site\/wp-json\/wp\/v2\/posts\/23749","targetHints":{"allow":["GET"]}}],"collection":[{"href":"https:\/\/radiostudiow.com.br\/site\/wp-json\/wp\/v2\/posts"}],"about":[{"href":"https:\/\/radiostudiow.com.br\/site\/wp-json\/wp\/v2\/types\/post"}],"author":[{"embeddable":true,"href":"https:\/\/radiostudiow.com.br\/site\/wp-json\/wp\/v2\/users\/2"}],"replies":[{"embeddable":true,"href":"https:\/\/radiostudiow.com.br\/site\/wp-json\/wp\/v2\/comments?post=23749"}],"version-history":[{"count":2,"href":"https:\/\/radiostudiow.com.br\/site\/wp-json\/wp\/v2\/posts\/23749\/revisions"}],"predecessor-version":[{"id":23783,"href":"https:\/\/radiostudiow.com.br\/site\/wp-json\/wp\/v2\/posts\/23749\/revisions\/23783"}],"wp:featuredmedia":[{"embeddable":true,"href":"https:\/\/radiostudiow.com.br\/site\/wp-json\/wp\/v2\/media\/23788"}],"wp:attachment":[{"href":"https:\/\/radiostudiow.com.br\/site\/wp-json\/wp\/v2\/media?parent=23749"}],"wp:term":[{"taxonomy":"category","embeddable":true,"href":"https:\/\/radiostudiow.com.br\/site\/wp-json\/wp\/v2\/categories?post=23749"},{"taxonomy":"post_tag","embeddable":true,"href":"https:\/\/radiostudiow.com.br\/site\/wp-json\/wp\/v2\/tags?post=23749"}],"curies":[{"name":"wp","href":"https:\/\/api.w.org\/{rel}","templated":true}]}}