{"id":23753,"date":"2024-06-21T10:38:37","date_gmt":"2024-06-21T13:38:37","guid":{"rendered":"https:\/\/radiostudiow.com.br\/site\/?p=23753"},"modified":"2025-01-31T14:59:14","modified_gmt":"2025-01-31T17:59:14","slug":"situacao-de-maus-tratos-mobiliza-pm-em-general-carneiro","status":"publish","type":"post","link":"https:\/\/radiostudiow.com.br\/site\/2024\/06\/21\/situacao-de-maus-tratos-mobiliza-pm-em-general-carneiro\/","title":{"rendered":"Situa\u00e7\u00e3o de maus-tratos mobiliza PM em General Carneiro"},"content":{"rendered":"\n<p>A Pol\u00edcia Militar da cidade de General Carneiro esteve atendendo a uma ocorr\u00eancia de maus-tratos contra equinos. A situa\u00e7\u00e3o foi registrada durante essa quarta-feira, dia 19 de junho, na \u00e1rea central.<\/p>\n\n\n\n<figure class=\"wp-block-image size-full\"><img loading=\"lazy\" decoding=\"async\" width=\"590\" height=\"204\" src=\"https:\/\/radiostudiow.com.br\/site\/wp-content\/uploads\/2024\/04\/image-27.png\" alt=\"\" class=\"wp-image-21280\" srcset=\"https:\/\/radiostudiow.com.br\/site\/wp-content\/uploads\/2024\/04\/image-27.png 590w, https:\/\/radiostudiow.com.br\/site\/wp-content\/uploads\/2024\/04\/image-27-300x104.png 300w\" sizes=\"auto, (max-width: 590px) 100vw, 590px\" \/><\/figure>\n\n\n\n<p>Segundo informa\u00e7\u00f5es, a Pol\u00edcia recebeu den\u00fancia para verificar maus-tratos em dois endere\u00e7os. Em um deles, uma mulher disse que algumas vezes jovens deixam cavalos para pastagem pr\u00f3ximo \u00e0 sua casa e desconhece o endere\u00e7o dos mesmos. J\u00e1 em outra endere\u00e7o, a Pol\u00edcia conversou com uma mulher a qual relatou que seu neto comprou uma \u00e9gua com ferimentos, a qual est\u00e1 recebendo cuidados.<\/p>\n\n\n\n<p>Os casos foram registrados pela Pol\u00edcia que repassou orienta\u00e7\u00f5es para as pessoas quanto aos procedimentos.<a href=\"https:\/\/www.facebook.com\/sharer.php?u=https%3A%2F%2Fcanal4.tv.br%2F2024%2F06%2F20%2Fsituacao-de-maus-tratos-mobiliza-pm-em-general-carneiro%2F%3Ffbclid%3DIwZXh0bgNhZW0CMTEAAR33-jrtJ4z3KaIiUNw0p2Sh_i141OR87e0twr23XN7DpUs8cqrYPcW3FUY_aem_ZmFrZWR1bW15MTZieXRlcw\" target=\"_blank\" rel=\"noreferrer noopener\"><\/a><a href=\"https:\/\/web.whatsapp.com\/send?text=Situa%C3%A7%C3%A3o%20de%20maus-tratos%20mobiliza%20PM%20em%20General%20Carneiro%20%E2%98%9B%20https%3A%2F%2Fcanal4.tv.br%2F2024%2F06%2F20%2Fsituacao-de-maus-tratos-mobiliza-pm-em-general-carneiro%2F%3Ffbclid%3DIwZXh0bgNhZW0CMTEAAR33-jrtJ4z3KaIiUNw0p2Sh_i141OR87e0twr23XN7DpUs8cqrYPcW3FUY_aem_ZmFrZWR1bW15MTZieXRlcw\" target=\"_blank\" rel=\"noreferrer noopener\"><\/a><\/p>\n\n\n\n<p><a href=\"javascript:void(0);\"><\/a><\/p>\n","protected":false},"excerpt":{"rendered":"<p>A Pol\u00edcia Militar da cidade de General Carneiro esteve atendendo a uma ocorr\u00eancia de maus-tratos contra equinos. A situa\u00e7\u00e3o foi registrada durante essa quarta-feira, dia 19 de junho, na \u00e1rea central. Segundo informa\u00e7\u00f5es, a Pol\u00edcia recebeu den\u00fancia para verificar maus-tratos em dois endere\u00e7os. Em um deles, uma mulher disse que algumas vezes jovens deixam cavalos [&hellip;]<\/p>\n","protected":false},"author":2,"featured_media":19871,"comment_status":"open","ping_status":"open","sticky":false,"template":"","format":"standard","meta":{"footnotes":""},"categories":[2],"tags":[172],"class_list":["post-23753","post","type-post","status-publish","format-standard","has-post-thumbnail","hentry","category-policial","tag-featured"],"amp_enabled":true,"_links":{"self":[{"href":"https:\/\/radiostudiow.com.br\/site\/wp-json\/wp\/v2\/posts\/23753","targetHints":{"allow":["GET"]}}],"collection":[{"href":"https:\/\/radiostudiow.com.br\/site\/wp-json\/wp\/v2\/posts"}],"about":[{"href":"https:\/\/radiostudiow.com.br\/site\/wp-json\/wp\/v2\/types\/post"}],"author":[{"embeddable":true,"href":"https:\/\/radiostudiow.com.br\/site\/wp-json\/wp\/v2\/users\/2"}],"replies":[{"embeddable":true,"href":"https:\/\/radiostudiow.com.br\/site\/wp-json\/wp\/v2\/comments?post=23753"}],"version-history":[{"count":3,"href":"https:\/\/radiostudiow.com.br\/site\/wp-json\/wp\/v2\/posts\/23753\/revisions"}],"predecessor-version":[{"id":23787,"href":"https:\/\/radiostudiow.com.br\/site\/wp-json\/wp\/v2\/posts\/23753\/revisions\/23787"}],"wp:featuredmedia":[{"embeddable":true,"href":"https:\/\/radiostudiow.com.br\/site\/wp-json\/wp\/v2\/media\/19871"}],"wp:attachment":[{"href":"https:\/\/radiostudiow.com.br\/site\/wp-json\/wp\/v2\/media?parent=23753"}],"wp:term":[{"taxonomy":"category","embeddable":true,"href":"https:\/\/radiostudiow.com.br\/site\/wp-json\/wp\/v2\/categories?post=23753"},{"taxonomy":"post_tag","embeddable":true,"href":"https:\/\/radiostudiow.com.br\/site\/wp-json\/wp\/v2\/tags?post=23753"}],"curies":[{"name":"wp","href":"https:\/\/api.w.org\/{rel}","templated":true}]}}