{"id":23755,"date":"2024-06-21T10:13:58","date_gmt":"2024-06-21T13:13:58","guid":{"rendered":"https:\/\/radiostudiow.com.br\/site\/?p=23755"},"modified":"2025-01-31T14:59:14","modified_gmt":"2025-01-31T17:59:14","slug":"boliviano-morre-apos-colisao-frontal-entre-carro-e-caminhao-na-br-373-em-imbituva","status":"publish","type":"post","link":"https:\/\/radiostudiow.com.br\/site\/2024\/06\/21\/boliviano-morre-apos-colisao-frontal-entre-carro-e-caminhao-na-br-373-em-imbituva\/","title":{"rendered":"Boliviano morre ap\u00f3s colis\u00e3o frontal entre carro e caminh\u00e3o em Imbituva"},"content":{"rendered":"\n<p>Um homem morreu ap\u00f3s uma colis\u00e3o frontal entre um Fiat Uno e um caminh\u00e3o Mercedes Benz Axor na BR-373, em Imbituva, por volta das 20:30 horas dessa quarta-feira (19).<\/p>\n\n\n\n<p>Conforme apurado pela Pol\u00edcia Rodovi\u00e1ria Federal (PRF), o condutor do Fiat Uno seguia sentido Ponta Grossa, quando perdeu o controle da dire\u00e7\u00e3o, invadiu a pista contr\u00e1ria e colidiu frontalmente contra o caminh\u00e3o. Com a batida, o caminh\u00e3o saiu da pista para o lado esquerdo, segundo a PRF.<\/p>\n\n\n\n<figure class=\"wp-block-image size-full\"><img loading=\"lazy\" decoding=\"async\" width=\"598\" height=\"204\" src=\"https:\/\/radiostudiow.com.br\/site\/wp-content\/uploads\/2024\/01\/SITE-MEDIO.png\" alt=\"\" class=\"wp-image-18916\" srcset=\"https:\/\/radiostudiow.com.br\/site\/wp-content\/uploads\/2024\/01\/SITE-MEDIO.png 598w, https:\/\/radiostudiow.com.br\/site\/wp-content\/uploads\/2024\/01\/SITE-MEDIO-300x102.png 300w\" sizes=\"auto, (max-width: 598px) 100vw, 598px\" \/><\/figure>\n\n\n\n<p>O motorista do Fiat Uno, de 59 anos, que era boliviano, n\u00e3o resistiu aos ferimentos e morreu no local. O corpo dele foi encaminhado ao Instituto M\u00e9dico-Legal (IML) de Ponta Grossa. J\u00e1 o caminhoneiro n\u00e3o se feriu e permaneceu no local durante todo o atendimento. Ele realizou o teste do baf\u00f4metro com resultado negativo para ingest\u00e3o de \u00e1lcool.<\/p>\n\n\n\n<p>Conforme a PRF, uma faixa da BR-373 permaneceu bloqueada no sentido Ponta Grossa das 20h30 at\u00e9 \u00e0s 2h de hoje.<a href=\"https:\/\/gruposaber.com.br\/\"><\/a><\/p>\n","protected":false},"excerpt":{"rendered":"<p>Um homem morreu ap\u00f3s uma colis\u00e3o frontal entre um Fiat Uno e um caminh\u00e3o Mercedes Benz Axor na BR-373, em Imbituva, por volta das 20:30 horas dessa quarta-feira (19). Conforme apurado pela Pol\u00edcia Rodovi\u00e1ria Federal (PRF), o condutor do Fiat Uno seguia sentido Ponta Grossa, quando perdeu o controle da dire\u00e7\u00e3o, invadiu a pista contr\u00e1ria [&hellip;]<\/p>\n","protected":false},"author":2,"featured_media":23756,"comment_status":"open","ping_status":"open","sticky":false,"template":"","format":"standard","meta":{"footnotes":""},"categories":[2],"tags":[172],"class_list":["post-23755","post","type-post","status-publish","format-standard","has-post-thumbnail","hentry","category-policial","tag-featured"],"amp_enabled":true,"_links":{"self":[{"href":"https:\/\/radiostudiow.com.br\/site\/wp-json\/wp\/v2\/posts\/23755","targetHints":{"allow":["GET"]}}],"collection":[{"href":"https:\/\/radiostudiow.com.br\/site\/wp-json\/wp\/v2\/posts"}],"about":[{"href":"https:\/\/radiostudiow.com.br\/site\/wp-json\/wp\/v2\/types\/post"}],"author":[{"embeddable":true,"href":"https:\/\/radiostudiow.com.br\/site\/wp-json\/wp\/v2\/users\/2"}],"replies":[{"embeddable":true,"href":"https:\/\/radiostudiow.com.br\/site\/wp-json\/wp\/v2\/comments?post=23755"}],"version-history":[{"count":3,"href":"https:\/\/radiostudiow.com.br\/site\/wp-json\/wp\/v2\/posts\/23755\/revisions"}],"predecessor-version":[{"id":23785,"href":"https:\/\/radiostudiow.com.br\/site\/wp-json\/wp\/v2\/posts\/23755\/revisions\/23785"}],"wp:featuredmedia":[{"embeddable":true,"href":"https:\/\/radiostudiow.com.br\/site\/wp-json\/wp\/v2\/media\/23756"}],"wp:attachment":[{"href":"https:\/\/radiostudiow.com.br\/site\/wp-json\/wp\/v2\/media?parent=23755"}],"wp:term":[{"taxonomy":"category","embeddable":true,"href":"https:\/\/radiostudiow.com.br\/site\/wp-json\/wp\/v2\/categories?post=23755"},{"taxonomy":"post_tag","embeddable":true,"href":"https:\/\/radiostudiow.com.br\/site\/wp-json\/wp\/v2\/tags?post=23755"}],"curies":[{"name":"wp","href":"https:\/\/api.w.org\/{rel}","templated":true}]}}