{"id":2378,"date":"2021-06-09T17:20:28","date_gmt":"2021-06-09T20:20:28","guid":{"rendered":"https:\/\/radiostudiow.com.br\/site\/?p=2378"},"modified":"2025-01-15T11:47:32","modified_gmt":"2025-01-15T14:47:32","slug":"durante-briga-homem-acaba-ferido-por-golpes-de-facao-em-sao-mateus-do-sul","status":"publish","type":"post","link":"https:\/\/radiostudiow.com.br\/site\/2021\/06\/09\/durante-briga-homem-acaba-ferido-por-golpes-de-facao-em-sao-mateus-do-sul\/","title":{"rendered":"DURANTE BRIGA, HOMEM ACABA FERIDO POR GOLPES DE FAC\u00c3O EM S\u00c3O MATEUS DO SUL"},"content":{"rendered":"\n<p>A Pol\u00edcia Militar registrou por volta das 10:00 horas dessa ter\u00e7a-feira, 08 de junho, a uma situa\u00e7\u00e3o de les\u00e3o corporal, a qual ocorreu depois de uma briga registrada no interior de S\u00e3o Mateus do Sul.<\/p>\n\n\n\n<p>De acordo com informa\u00e7\u00f5es, devido \u00e0 constru\u00e7\u00e3o de uma cerca, houve um desentendimento entre dois homens aonde um deles foi agredido com o fac\u00e3o, resultando em les\u00f5es. A v\u00edtima ainda conseguiu procurar a Pol\u00edcia e registrar o caso.<\/p>\n\n\n\n<p>A equipe policial deslocou at\u00e9 a localidade aonde os fatos ocorreram e abordou o autor dos golpes, o qual estava com o fac\u00e3o. O homem foi detido e conduzido at\u00e9 a 3\u00aa Companhia da PM, sendo lavrado um termo circunstanciado.<\/p>\n\n\n\n<figure class=\"wp-block-image size-large\"><img decoding=\"async\" src=\"https:\/\/radiostudiow.com.br\/site\/wp-content\/uploads\/2021\/06\/152238921_111208000989929_6035435953069588891_n-1024x212.jpg\" alt=\"\" class=\"wp-image-2379\"\/><\/figure>\n","protected":false},"excerpt":{"rendered":"<p>A Pol\u00edcia Militar registrou por volta das 10:00 horas dessa ter\u00e7a-feira, 08 de junho, a uma situa\u00e7\u00e3o de les\u00e3o corporal, a qual ocorreu depois de uma briga registrada no interior de S\u00e3o Mateus do Sul. De acordo com informa\u00e7\u00f5es, devido \u00e0 constru\u00e7\u00e3o de uma cerca, houve um desentendimento entre dois homens aonde um deles foi [&hellip;]<\/p>\n","protected":false},"author":2,"featured_media":2309,"comment_status":"open","ping_status":"open","sticky":false,"template":"","format":"standard","meta":{"footnotes":""},"categories":[2,185],"tags":[172],"class_list":["post-2378","post","type-post","status-publish","format-standard","has-post-thumbnail","hentry","category-policial","category-regional","tag-featured"],"amp_enabled":true,"_links":{"self":[{"href":"https:\/\/radiostudiow.com.br\/site\/wp-json\/wp\/v2\/posts\/2378","targetHints":{"allow":["GET"]}}],"collection":[{"href":"https:\/\/radiostudiow.com.br\/site\/wp-json\/wp\/v2\/posts"}],"about":[{"href":"https:\/\/radiostudiow.com.br\/site\/wp-json\/wp\/v2\/types\/post"}],"author":[{"embeddable":true,"href":"https:\/\/radiostudiow.com.br\/site\/wp-json\/wp\/v2\/users\/2"}],"replies":[{"embeddable":true,"href":"https:\/\/radiostudiow.com.br\/site\/wp-json\/wp\/v2\/comments?post=2378"}],"version-history":[{"count":1,"href":"https:\/\/radiostudiow.com.br\/site\/wp-json\/wp\/v2\/posts\/2378\/revisions"}],"predecessor-version":[{"id":2380,"href":"https:\/\/radiostudiow.com.br\/site\/wp-json\/wp\/v2\/posts\/2378\/revisions\/2380"}],"wp:featuredmedia":[{"embeddable":true,"href":"https:\/\/radiostudiow.com.br\/site\/wp-json\/wp\/v2\/media\/2309"}],"wp:attachment":[{"href":"https:\/\/radiostudiow.com.br\/site\/wp-json\/wp\/v2\/media?parent=2378"}],"wp:term":[{"taxonomy":"category","embeddable":true,"href":"https:\/\/radiostudiow.com.br\/site\/wp-json\/wp\/v2\/categories?post=2378"},{"taxonomy":"post_tag","embeddable":true,"href":"https:\/\/radiostudiow.com.br\/site\/wp-json\/wp\/v2\/tags?post=2378"}],"curies":[{"name":"wp","href":"https:\/\/api.w.org\/{rel}","templated":true}]}}