{"id":23791,"date":"2024-06-22T08:54:20","date_gmt":"2024-06-22T11:54:20","guid":{"rendered":"https:\/\/radiostudiow.com.br\/site\/?p=23791"},"modified":"2025-01-31T14:59:13","modified_gmt":"2025-01-31T17:59:13","slug":"mulher-e-detida-apos-furto-de-produtos-em-uniao-da-vitoria","status":"publish","type":"post","link":"https:\/\/radiostudiow.com.br\/site\/2024\/06\/22\/mulher-e-detida-apos-furto-de-produtos-em-uniao-da-vitoria\/","title":{"rendered":"Mulher \u00e9 detida ap\u00f3s furto de produtos em Uni\u00e3o da Vit\u00f3ria"},"content":{"rendered":"\n<figure class=\"wp-block-image size-full\"><img loading=\"lazy\" decoding=\"async\" width=\"897\" height=\"204\" src=\"https:\/\/radiostudiow.com.br\/site\/wp-content\/uploads\/2024\/04\/image-37.png\" alt=\"\" class=\"wp-image-21305\" srcset=\"https:\/\/radiostudiow.com.br\/site\/wp-content\/uploads\/2024\/04\/image-37.png 897w, https:\/\/radiostudiow.com.br\/site\/wp-content\/uploads\/2024\/04\/image-37-300x68.png 300w, https:\/\/radiostudiow.com.br\/site\/wp-content\/uploads\/2024\/04\/image-37-768x175.png 768w\" sizes=\"auto, (max-width: 897px) 100vw, 897px\" \/><\/figure>\n\n\n\n<p>Uma equipe da PM foi acionada para verificar uma situa\u00e7\u00e3o de furto em um estabelecimento comercial no centro de Uni\u00e3o da Vit\u00f3ria.\u00a0No local, o solicitante relatou ter visto nas imagens das c\u00e2meras de seguran\u00e7a uma mulher colocando diversos produtos dentro de sua bolsa por volta das 15:27 horas desta quinta-feira (20).<\/p>\n\n\n\n<p>Ao passar pelo caixa, a suspeita pagou apenas por alguns poucos itens, mas ao sair do estabelecimento, foi questionada pelos funcion\u00e1rios sobre as demais mercadorias.\u00a0Neste momento, ela confessou ter furtado alguns produtos.<\/p>\n\n\n\n<figure class=\"wp-block-image size-full\"><img loading=\"lazy\" decoding=\"async\" width=\"300\" height=\"180\" src=\"https:\/\/radiostudiow.com.br\/site\/wp-content\/uploads\/2024\/04\/SITE-PEQUENO-1.png\" alt=\"\" class=\"wp-image-21868\"\/><\/figure>\n\n\n\n<p>Uma busca na bolsa da mulher revelou diversos itens furtados, totalizando um preju\u00edzo de R$257,68 (duzentos e cinquenta e sete reais e sessenta e oito centavos).\u00a0Diante dos fatos, a mulher recebeu voz de pris\u00e3o e foi informada de seus direitos constitucionais.<\/p>\n","protected":false},"excerpt":{"rendered":"<p>Uma equipe da PM foi acionada para verificar uma situa\u00e7\u00e3o de furto em um estabelecimento comercial no centro de Uni\u00e3o da Vit\u00f3ria.\u00a0No local, o solicitante relatou ter visto nas imagens das c\u00e2meras de seguran\u00e7a uma mulher colocando diversos produtos dentro de sua bolsa por volta das 15:27 horas desta quinta-feira (20). Ao passar pelo caixa, [&hellip;]<\/p>\n","protected":false},"author":2,"featured_media":22528,"comment_status":"open","ping_status":"open","sticky":false,"template":"","format":"standard","meta":{"footnotes":""},"categories":[2],"tags":[172],"class_list":["post-23791","post","type-post","status-publish","format-standard","has-post-thumbnail","hentry","category-policial","tag-featured"],"amp_enabled":true,"_links":{"self":[{"href":"https:\/\/radiostudiow.com.br\/site\/wp-json\/wp\/v2\/posts\/23791","targetHints":{"allow":["GET"]}}],"collection":[{"href":"https:\/\/radiostudiow.com.br\/site\/wp-json\/wp\/v2\/posts"}],"about":[{"href":"https:\/\/radiostudiow.com.br\/site\/wp-json\/wp\/v2\/types\/post"}],"author":[{"embeddable":true,"href":"https:\/\/radiostudiow.com.br\/site\/wp-json\/wp\/v2\/users\/2"}],"replies":[{"embeddable":true,"href":"https:\/\/radiostudiow.com.br\/site\/wp-json\/wp\/v2\/comments?post=23791"}],"version-history":[{"count":1,"href":"https:\/\/radiostudiow.com.br\/site\/wp-json\/wp\/v2\/posts\/23791\/revisions"}],"predecessor-version":[{"id":23792,"href":"https:\/\/radiostudiow.com.br\/site\/wp-json\/wp\/v2\/posts\/23791\/revisions\/23792"}],"wp:featuredmedia":[{"embeddable":true,"href":"https:\/\/radiostudiow.com.br\/site\/wp-json\/wp\/v2\/media\/22528"}],"wp:attachment":[{"href":"https:\/\/radiostudiow.com.br\/site\/wp-json\/wp\/v2\/media?parent=23791"}],"wp:term":[{"taxonomy":"category","embeddable":true,"href":"https:\/\/radiostudiow.com.br\/site\/wp-json\/wp\/v2\/categories?post=23791"},{"taxonomy":"post_tag","embeddable":true,"href":"https:\/\/radiostudiow.com.br\/site\/wp-json\/wp\/v2\/tags?post=23791"}],"curies":[{"name":"wp","href":"https:\/\/api.w.org\/{rel}","templated":true}]}}