{"id":23796,"date":"2024-06-22T09:09:24","date_gmt":"2024-06-22T12:09:24","guid":{"rendered":"https:\/\/radiostudiow.com.br\/site\/?p=23796"},"modified":"2025-01-31T14:59:13","modified_gmt":"2025-01-31T17:59:13","slug":"policia-apreende-suspeito-e-recupera-produtos-roubados-em-uniao-da-vitoria","status":"publish","type":"post","link":"https:\/\/radiostudiow.com.br\/site\/2024\/06\/22\/policia-apreende-suspeito-e-recupera-produtos-roubados-em-uniao-da-vitoria\/","title":{"rendered":"Pol\u00edcia apreende suspeito e recupera produtos roubados em Uni\u00e3o da Vit\u00f3ria"},"content":{"rendered":"\n<figure class=\"wp-block-image size-full\"><img loading=\"lazy\" decoding=\"async\" width=\"598\" height=\"204\" src=\"https:\/\/radiostudiow.com.br\/site\/wp-content\/uploads\/2024\/04\/image-12.png\" alt=\"\" class=\"wp-image-21187\" srcset=\"https:\/\/radiostudiow.com.br\/site\/wp-content\/uploads\/2024\/04\/image-12.png 598w, https:\/\/radiostudiow.com.br\/site\/wp-content\/uploads\/2024\/04\/image-12-300x102.png 300w\" sizes=\"auto, (max-width: 598px) 100vw, 598px\" \/><\/figure>\n\n\n\n<p>A equipe da Pol\u00edcia Militar de Uni\u00e3o da Vit\u00f3ria foi acionada para averiguar uma situa\u00e7\u00e3o de furto no centro da cidade por volta das 13:58 horas dessa quinta-feira (20).<\/p>\n\n\n\n<p>A solicitante relatou que os suspeitos eram um homem e uma mulher. Ap\u00f3s a realiza\u00e7\u00e3o de dilig\u00eancias, a pol\u00edcia conseguiu abordar o suspeito masculino.\u00a0Durante a busca pessoal, foram encontradas sacolas contendo produtos furtados de duas lojas.<\/p>\n\n\n\n<p>Embora os esfor\u00e7os para localizar a suspeita feminina n\u00e3o tenham obtido sucesso, o homem foi levado at\u00e9 a delegacia junto com as v\u00edtimas.<\/p>\n\n\n\n<figure class=\"wp-block-image size-full\"><img loading=\"lazy\" decoding=\"async\" width=\"598\" height=\"204\" src=\"https:\/\/radiostudiow.com.br\/site\/wp-content\/uploads\/2024\/04\/image-39.png\" alt=\"\" class=\"wp-image-21311\" srcset=\"https:\/\/radiostudiow.com.br\/site\/wp-content\/uploads\/2024\/04\/image-39.png 598w, https:\/\/radiostudiow.com.br\/site\/wp-content\/uploads\/2024\/04\/image-39-300x102.png 300w\" sizes=\"auto, (max-width: 598px) 100vw, 598px\" \/><\/figure>\n\n\n\n<p>Durante a contagem dos itens recuperados, verificou-se que alguns produtos n\u00e3o pertenciam a nenhuma das v\u00edtimas presentes. Ap\u00f3s averigua\u00e7\u00f5es adicionais no com\u00e9rcio local, constatou-se que os produtos restantes haviam sido furtados de uma farm\u00e1cia.<\/p>\n\n\n\n<p>O suspeito foi apresentado na 4\u00aa Delegacia de Pol\u00edcia para aprecia\u00e7\u00e3o da autoridade policial.<\/p>\n","protected":false},"excerpt":{"rendered":"<p>A equipe da Pol\u00edcia Militar de Uni\u00e3o da Vit\u00f3ria foi acionada para averiguar uma situa\u00e7\u00e3o de furto no centro da cidade por volta das 13:58 horas dessa quinta-feira (20). A solicitante relatou que os suspeitos eram um homem e uma mulher. Ap\u00f3s a realiza\u00e7\u00e3o de dilig\u00eancias, a pol\u00edcia conseguiu abordar o suspeito masculino.\u00a0Durante a busca [&hellip;]<\/p>\n","protected":false},"author":2,"featured_media":23797,"comment_status":"open","ping_status":"open","sticky":false,"template":"","format":"standard","meta":{"footnotes":""},"categories":[2],"tags":[172],"class_list":["post-23796","post","type-post","status-publish","format-standard","has-post-thumbnail","hentry","category-policial","tag-featured"],"amp_enabled":true,"_links":{"self":[{"href":"https:\/\/radiostudiow.com.br\/site\/wp-json\/wp\/v2\/posts\/23796","targetHints":{"allow":["GET"]}}],"collection":[{"href":"https:\/\/radiostudiow.com.br\/site\/wp-json\/wp\/v2\/posts"}],"about":[{"href":"https:\/\/radiostudiow.com.br\/site\/wp-json\/wp\/v2\/types\/post"}],"author":[{"embeddable":true,"href":"https:\/\/radiostudiow.com.br\/site\/wp-json\/wp\/v2\/users\/2"}],"replies":[{"embeddable":true,"href":"https:\/\/radiostudiow.com.br\/site\/wp-json\/wp\/v2\/comments?post=23796"}],"version-history":[{"count":1,"href":"https:\/\/radiostudiow.com.br\/site\/wp-json\/wp\/v2\/posts\/23796\/revisions"}],"predecessor-version":[{"id":23798,"href":"https:\/\/radiostudiow.com.br\/site\/wp-json\/wp\/v2\/posts\/23796\/revisions\/23798"}],"wp:featuredmedia":[{"embeddable":true,"href":"https:\/\/radiostudiow.com.br\/site\/wp-json\/wp\/v2\/media\/23797"}],"wp:attachment":[{"href":"https:\/\/radiostudiow.com.br\/site\/wp-json\/wp\/v2\/media?parent=23796"}],"wp:term":[{"taxonomy":"category","embeddable":true,"href":"https:\/\/radiostudiow.com.br\/site\/wp-json\/wp\/v2\/categories?post=23796"},{"taxonomy":"post_tag","embeddable":true,"href":"https:\/\/radiostudiow.com.br\/site\/wp-json\/wp\/v2\/tags?post=23796"}],"curies":[{"name":"wp","href":"https:\/\/api.w.org\/{rel}","templated":true}]}}