{"id":23809,"date":"2024-06-22T10:46:24","date_gmt":"2024-06-22T13:46:24","guid":{"rendered":"https:\/\/radiostudiow.com.br\/site\/?p=23809"},"modified":"2025-01-31T14:59:13","modified_gmt":"2025-01-31T17:59:13","slug":"pm-de-paula-freitas-registra-furto-em-construcao-de-capela-em-cemiterio","status":"publish","type":"post","link":"https:\/\/radiostudiow.com.br\/site\/2024\/06\/22\/pm-de-paula-freitas-registra-furto-em-construcao-de-capela-em-cemiterio\/","title":{"rendered":"PM de Paula Freitas registra furto em constru\u00e7\u00e3o de capela em cemit\u00e9rio"},"content":{"rendered":"\n<p>Um senhor compareceu ao Pelot\u00e3o da Pol\u00edcia Militar de Paula Freitas por volta das 02 horas dessa quinta-feira, 20 de junho, relatando uma situa\u00e7\u00e3o de furto.<\/p>\n\n\n\n<figure class=\"wp-block-image\"><img decoding=\"async\" src=\"https:\/\/radiostudiow.com.br\/site\/wp-content\/uploads\/2024\/04\/image-45.png\" alt=\"\" class=\"wp-image-21394\"\/><\/figure>\n\n\n\n<p>De acordo com o solicitante, ele est\u00e1 fazendo uma capela no cemit\u00e9rio e que no dia 19 de junho de 2024, seu pedreiro que estava trabalhando na obra, relatou que ao chegar no local, notou rastro no ch\u00e3o e constatou que havia sido furtado aproximadamente um metro de areia e um metro de pedra.<\/p>\n\n\n\n<p>Diante dos relatos o solicitante foi orientada pela equipe pol\u00edcial quanto aos procedimentos cab\u00edveis.<\/p>\n","protected":false},"excerpt":{"rendered":"<p>Um senhor compareceu ao Pelot\u00e3o da Pol\u00edcia Militar de Paula Freitas por volta das 02 horas dessa quinta-feira, 20 de junho, relatando uma situa\u00e7\u00e3o de furto. De acordo com o solicitante, ele est\u00e1 fazendo uma capela no cemit\u00e9rio e que no dia 19 de junho de 2024, seu pedreiro que estava trabalhando na obra, relatou [&hellip;]<\/p>\n","protected":false},"author":2,"featured_media":21681,"comment_status":"open","ping_status":"open","sticky":false,"template":"","format":"standard","meta":{"footnotes":""},"categories":[2],"tags":[172],"class_list":["post-23809","post","type-post","status-publish","format-standard","has-post-thumbnail","hentry","category-policial","tag-featured"],"amp_enabled":true,"_links":{"self":[{"href":"https:\/\/radiostudiow.com.br\/site\/wp-json\/wp\/v2\/posts\/23809","targetHints":{"allow":["GET"]}}],"collection":[{"href":"https:\/\/radiostudiow.com.br\/site\/wp-json\/wp\/v2\/posts"}],"about":[{"href":"https:\/\/radiostudiow.com.br\/site\/wp-json\/wp\/v2\/types\/post"}],"author":[{"embeddable":true,"href":"https:\/\/radiostudiow.com.br\/site\/wp-json\/wp\/v2\/users\/2"}],"replies":[{"embeddable":true,"href":"https:\/\/radiostudiow.com.br\/site\/wp-json\/wp\/v2\/comments?post=23809"}],"version-history":[{"count":1,"href":"https:\/\/radiostudiow.com.br\/site\/wp-json\/wp\/v2\/posts\/23809\/revisions"}],"predecessor-version":[{"id":23810,"href":"https:\/\/radiostudiow.com.br\/site\/wp-json\/wp\/v2\/posts\/23809\/revisions\/23810"}],"wp:featuredmedia":[{"embeddable":true,"href":"https:\/\/radiostudiow.com.br\/site\/wp-json\/wp\/v2\/media\/21681"}],"wp:attachment":[{"href":"https:\/\/radiostudiow.com.br\/site\/wp-json\/wp\/v2\/media?parent=23809"}],"wp:term":[{"taxonomy":"category","embeddable":true,"href":"https:\/\/radiostudiow.com.br\/site\/wp-json\/wp\/v2\/categories?post=23809"},{"taxonomy":"post_tag","embeddable":true,"href":"https:\/\/radiostudiow.com.br\/site\/wp-json\/wp\/v2\/tags?post=23809"}],"curies":[{"name":"wp","href":"https:\/\/api.w.org\/{rel}","templated":true}]}}