{"id":23821,"date":"2024-06-24T09:36:09","date_gmt":"2024-06-24T12:36:09","guid":{"rendered":"https:\/\/radiostudiow.com.br\/site\/?p=23821"},"modified":"2025-01-31T14:59:13","modified_gmt":"2025-01-31T17:59:13","slug":"homem-morre-em-troca-de-tiros-com-a-policia-militar-em-general-carneiro","status":"publish","type":"post","link":"https:\/\/radiostudiow.com.br\/site\/2024\/06\/24\/homem-morre-em-troca-de-tiros-com-a-policia-militar-em-general-carneiro\/","title":{"rendered":"Homem morre em troca de tiros com a Pol\u00edcia Militar em General Carneiro"},"content":{"rendered":"\n<p><a href=\"https:\/\/www.facebook.com\/sharer.php?u=https%3A%2F%2Fcanal4.tv.br%2F2024%2F06%2F22%2Fhomem-morre-em-troca-de-tiros-com-a-policia-em-general-carneiro%2F%3Ffbclid%3DIwZXh0bgNhZW0CMTEAAR2p7W13YIlAOxL_bHVcJpG4eOSHUycbxDSgq1r17CyO7_GIPQL4GsfIhqg_aem_KKGRx9YFVz7CV2NaW6VFKA\" target=\"_blank\" rel=\"noreferrer noopener\"><\/a>Um homem morreu ap\u00f3s entrar em confronto armado com a Pol\u00edcia Militar em General Carneiro. A situa\u00e7\u00e3o ocorreu na madrugada deste s\u00e1bado (22).<\/p>\n\n\n\n<figure class=\"wp-block-image size-large\"><img loading=\"lazy\" decoding=\"async\" width=\"1024\" height=\"390\" src=\"https:\/\/radiostudiow.com.br\/site\/wp-content\/uploads\/2024\/06\/image-2-1024x390.png\" alt=\"\" class=\"wp-image-23309\" srcset=\"https:\/\/radiostudiow.com.br\/site\/wp-content\/uploads\/2024\/06\/image-2-1024x390.png 1024w, https:\/\/radiostudiow.com.br\/site\/wp-content\/uploads\/2024\/06\/image-2-300x114.png 300w, https:\/\/radiostudiow.com.br\/site\/wp-content\/uploads\/2024\/06\/image-2-768x292.png 768w, https:\/\/radiostudiow.com.br\/site\/wp-content\/uploads\/2024\/06\/image-2-1536x584.png 1536w, https:\/\/radiostudiow.com.br\/site\/wp-content\/uploads\/2024\/06\/image-2-2048x779.png 2048w\" sizes=\"auto, (max-width: 1024px) 100vw, 1024px\" \/><\/figure>\n\n\n\n<p><a href=\"https:\/\/web.whatsapp.com\/send?text=Homem%20morre%20em%20troca%20de%20tiros%20com%20a%20Pol%C3%ADcia%20em%20General%20Carneiro%20%E2%98%9B%20https%3A%2F%2Fcanal4.tv.br%2F2024%2F06%2F22%2Fhomem-morre-em-troca-de-tiros-com-a-policia-em-general-carneiro%2F%3Ffbclid%3DIwZXh0bgNhZW0CMTEAAR2p7W13YIlAOxL_bHVcJpG4eOSHUycbxDSgq1r17CyO7_GIPQL4GsfIhqg_aem_KKGRx9YFVz7CV2NaW6VFKA\" target=\"_blank\" rel=\"noreferrer noopener\"><\/a><\/p>\n\n\n\n<p>O homem teria sacado uma arma durante uma abordagem e disparado contra os policiais que revidaram a injusta agress\u00e3o, baleando o homem que n\u00e3o resistiu e foi a \u00f3bito. A ocorr\u00eancia ocorreu no bairro S\u00e3o Miguel.<\/p>\n\n\n\n<p>Segundo familiares do homem morto, ele n\u00e3o tinha antecend\u00eantes criminais e estava armado por conta que estava sendo amea\u00e7ado na cidade.<\/p>\n\n\n\n<p>O corpo foi encaminhado ao Instituto M\u00e9dico Legal \u2013 IML. <a href=\"javascript:void(0);\"><\/a><\/p>\n","protected":false},"excerpt":{"rendered":"<p>Um homem morreu ap\u00f3s entrar em confronto armado com a Pol\u00edcia Militar em General Carneiro. A situa\u00e7\u00e3o ocorreu na madrugada deste s\u00e1bado (22). O homem teria sacado uma arma durante uma abordagem e disparado contra os policiais que revidaram a injusta agress\u00e3o, baleando o homem que n\u00e3o resistiu e foi a \u00f3bito. A ocorr\u00eancia ocorreu [&hellip;]<\/p>\n","protected":false},"author":2,"featured_media":15416,"comment_status":"open","ping_status":"open","sticky":false,"template":"","format":"standard","meta":{"footnotes":""},"categories":[2],"tags":[172],"class_list":["post-23821","post","type-post","status-publish","format-standard","has-post-thumbnail","hentry","category-policial","tag-featured"],"amp_enabled":true,"_links":{"self":[{"href":"https:\/\/radiostudiow.com.br\/site\/wp-json\/wp\/v2\/posts\/23821","targetHints":{"allow":["GET"]}}],"collection":[{"href":"https:\/\/radiostudiow.com.br\/site\/wp-json\/wp\/v2\/posts"}],"about":[{"href":"https:\/\/radiostudiow.com.br\/site\/wp-json\/wp\/v2\/types\/post"}],"author":[{"embeddable":true,"href":"https:\/\/radiostudiow.com.br\/site\/wp-json\/wp\/v2\/users\/2"}],"replies":[{"embeddable":true,"href":"https:\/\/radiostudiow.com.br\/site\/wp-json\/wp\/v2\/comments?post=23821"}],"version-history":[{"count":2,"href":"https:\/\/radiostudiow.com.br\/site\/wp-json\/wp\/v2\/posts\/23821\/revisions"}],"predecessor-version":[{"id":23891,"href":"https:\/\/radiostudiow.com.br\/site\/wp-json\/wp\/v2\/posts\/23821\/revisions\/23891"}],"wp:featuredmedia":[{"embeddable":true,"href":"https:\/\/radiostudiow.com.br\/site\/wp-json\/wp\/v2\/media\/15416"}],"wp:attachment":[{"href":"https:\/\/radiostudiow.com.br\/site\/wp-json\/wp\/v2\/media?parent=23821"}],"wp:term":[{"taxonomy":"category","embeddable":true,"href":"https:\/\/radiostudiow.com.br\/site\/wp-json\/wp\/v2\/categories?post=23821"},{"taxonomy":"post_tag","embeddable":true,"href":"https:\/\/radiostudiow.com.br\/site\/wp-json\/wp\/v2\/tags?post=23821"}],"curies":[{"name":"wp","href":"https:\/\/api.w.org\/{rel}","templated":true}]}}