{"id":23823,"date":"2024-06-24T09:41:59","date_gmt":"2024-06-24T12:41:59","guid":{"rendered":"https:\/\/radiostudiow.com.br\/site\/?p=23823"},"modified":"2025-01-31T14:59:13","modified_gmt":"2025-01-31T17:59:13","slug":"homem-morre-apos-cair-com-carro-dentro-do-rio-iguacu-em-uniao-da-vitoria","status":"publish","type":"post","link":"https:\/\/radiostudiow.com.br\/site\/2024\/06\/24\/homem-morre-apos-cair-com-carro-dentro-do-rio-iguacu-em-uniao-da-vitoria\/","title":{"rendered":"Homem morre ap\u00f3s cair com carro dentro do rio Igua\u00e7u em Uni\u00e3o da Vit\u00f3ria"},"content":{"rendered":"\n<p>Um homem caiu com seu ve\u00edculo dentro do rio Igua\u00e7u e acabou morrendo afogado, essa trag\u00e9dia foi registrada em Uni\u00e3o da Vit\u00f3ria por volta das 06:30 horas da manh\u00e3 deste domingo (23).<\/p>\n\n\n\n<figure class=\"wp-block-image size-full\"><img decoding=\"async\" src=\"https:\/\/radiostudiow.com.br\/site\/wp-content\/uploads\/2024\/04\/image-55.png\" alt=\"\" class=\"wp-image-21389\"\/><\/figure>\n\n\n\n<p>O ve\u00edculo seguia pela rua Clot\u00e1rio Portugal no trecho que fica no bairro Navegantes pr\u00f3ximo a Ponte Dom\u00edcio Scaramela, quando cruzou a Avenida Igua\u00e7u e foi parar dentro do rio. O homem foi identificado como Mayke Zatorski, de 29 anos de idade.<\/p>\n\n\n\n<p>O Corpo de Bombeiros foi acionado e fez buscas no rio, retirando o carro das \u00e1guas. O rapaz j\u00e1 estava em \u00f3bito sendo o corpo encaminhado ao Instituto M\u00e9dico Legal \u2013 IML.<\/p>\n\n\n\n<figure class=\"wp-block-image size-full\"><img loading=\"lazy\" decoding=\"async\" width=\"768\" height=\"770\" src=\"https:\/\/radiostudiow.com.br\/site\/wp-content\/uploads\/2024\/06\/229759506_515425696354219_5463128137070390026_n.jpg\" alt=\"\" class=\"wp-image-23829\" srcset=\"https:\/\/radiostudiow.com.br\/site\/wp-content\/uploads\/2024\/06\/229759506_515425696354219_5463128137070390026_n.jpg 768w, https:\/\/radiostudiow.com.br\/site\/wp-content\/uploads\/2024\/06\/229759506_515425696354219_5463128137070390026_n-300x300.jpg 300w, https:\/\/radiostudiow.com.br\/site\/wp-content\/uploads\/2024\/06\/229759506_515425696354219_5463128137070390026_n-80x80.jpg 80w\" sizes=\"auto, (max-width: 768px) 100vw, 768px\" \/><\/figure>\n\n\n\n<figure class=\"wp-block-image size-full\"><img loading=\"lazy\" decoding=\"async\" width=\"598\" height=\"204\" src=\"https:\/\/radiostudiow.com.br\/site\/wp-content\/uploads\/2024\/04\/image-29.png\" alt=\"\" class=\"wp-image-21283\" srcset=\"https:\/\/radiostudiow.com.br\/site\/wp-content\/uploads\/2024\/04\/image-29.png 598w, https:\/\/radiostudiow.com.br\/site\/wp-content\/uploads\/2024\/04\/image-29-300x102.png 300w\" sizes=\"auto, (max-width: 598px) 100vw, 598px\" \/><\/figure>\n\n\n\n<figure class=\"wp-block-image size-full\"><img loading=\"lazy\" decoding=\"async\" width=\"500\" height=\"344\" src=\"https:\/\/radiostudiow.com.br\/site\/wp-content\/uploads\/2024\/06\/IMG_8586-e1719146284421.jpeg\" alt=\"\" class=\"wp-image-23824\" srcset=\"https:\/\/radiostudiow.com.br\/site\/wp-content\/uploads\/2024\/06\/IMG_8586-e1719146284421.jpeg 500w, https:\/\/radiostudiow.com.br\/site\/wp-content\/uploads\/2024\/06\/IMG_8586-e1719146284421-300x206.jpeg 300w\" sizes=\"auto, (max-width: 500px) 100vw, 500px\" \/><\/figure>\n\n\n\n<figure class=\"wp-block-image size-large\"><img loading=\"lazy\" decoding=\"async\" width=\"1024\" height=\"577\" src=\"https:\/\/radiostudiow.com.br\/site\/wp-content\/uploads\/2024\/06\/WhatsApp-Image-2024-06-23-at-11.44.11-1024x577.jpeg\" alt=\"\" class=\"wp-image-23830\" srcset=\"https:\/\/radiostudiow.com.br\/site\/wp-content\/uploads\/2024\/06\/WhatsApp-Image-2024-06-23-at-11.44.11-1024x577.jpeg 1024w, https:\/\/radiostudiow.com.br\/site\/wp-content\/uploads\/2024\/06\/WhatsApp-Image-2024-06-23-at-11.44.11-300x169.jpeg 300w, https:\/\/radiostudiow.com.br\/site\/wp-content\/uploads\/2024\/06\/WhatsApp-Image-2024-06-23-at-11.44.11-768x433.jpeg 768w, https:\/\/radiostudiow.com.br\/site\/wp-content\/uploads\/2024\/06\/WhatsApp-Image-2024-06-23-at-11.44.11.jpeg 1280w\" sizes=\"auto, (max-width: 1024px) 100vw, 1024px\" \/><\/figure>\n","protected":false},"excerpt":{"rendered":"<p>Um homem caiu com seu ve\u00edculo dentro do rio Igua\u00e7u e acabou morrendo afogado, essa trag\u00e9dia foi registrada em Uni\u00e3o da Vit\u00f3ria por volta das 06:30 horas da manh\u00e3 deste domingo (23). O ve\u00edculo seguia pela rua Clot\u00e1rio Portugal no trecho que fica no bairro Navegantes pr\u00f3ximo a Ponte Dom\u00edcio Scaramela, quando cruzou a Avenida [&hellip;]<\/p>\n","protected":false},"author":2,"featured_media":23825,"comment_status":"open","ping_status":"open","sticky":false,"template":"","format":"standard","meta":{"footnotes":""},"categories":[185],"tags":[172],"class_list":["post-23823","post","type-post","status-publish","format-standard","has-post-thumbnail","hentry","category-regional","tag-featured"],"amp_enabled":true,"_links":{"self":[{"href":"https:\/\/radiostudiow.com.br\/site\/wp-json\/wp\/v2\/posts\/23823","targetHints":{"allow":["GET"]}}],"collection":[{"href":"https:\/\/radiostudiow.com.br\/site\/wp-json\/wp\/v2\/posts"}],"about":[{"href":"https:\/\/radiostudiow.com.br\/site\/wp-json\/wp\/v2\/types\/post"}],"author":[{"embeddable":true,"href":"https:\/\/radiostudiow.com.br\/site\/wp-json\/wp\/v2\/users\/2"}],"replies":[{"embeddable":true,"href":"https:\/\/radiostudiow.com.br\/site\/wp-json\/wp\/v2\/comments?post=23823"}],"version-history":[{"count":4,"href":"https:\/\/radiostudiow.com.br\/site\/wp-json\/wp\/v2\/posts\/23823\/revisions"}],"predecessor-version":[{"id":23872,"href":"https:\/\/radiostudiow.com.br\/site\/wp-json\/wp\/v2\/posts\/23823\/revisions\/23872"}],"wp:featuredmedia":[{"embeddable":true,"href":"https:\/\/radiostudiow.com.br\/site\/wp-json\/wp\/v2\/media\/23825"}],"wp:attachment":[{"href":"https:\/\/radiostudiow.com.br\/site\/wp-json\/wp\/v2\/media?parent=23823"}],"wp:term":[{"taxonomy":"category","embeddable":true,"href":"https:\/\/radiostudiow.com.br\/site\/wp-json\/wp\/v2\/categories?post=23823"},{"taxonomy":"post_tag","embeddable":true,"href":"https:\/\/radiostudiow.com.br\/site\/wp-json\/wp\/v2\/tags?post=23823"}],"curies":[{"name":"wp","href":"https:\/\/api.w.org\/{rel}","templated":true}]}}