{"id":23833,"date":"2024-06-24T09:59:03","date_gmt":"2024-06-24T12:59:03","guid":{"rendered":"https:\/\/radiostudiow.com.br\/site\/?p=23833"},"modified":"2025-01-31T14:59:13","modified_gmt":"2025-01-31T17:59:13","slug":"homem-e-agredido-com-golpe-de-machado-em-uniao-da-vitoria","status":"publish","type":"post","link":"https:\/\/radiostudiow.com.br\/site\/2024\/06\/24\/homem-e-agredido-com-golpe-de-machado-em-uniao-da-vitoria\/","title":{"rendered":"Homem \u00e9 agredido com golpe de machado em Uni\u00e3o da Vit\u00f3ria"},"content":{"rendered":"\n<p>Um homem foi encaminhado ao hospital com ferimento grave ap\u00f3s ter sido agredido com um golpe de machado em Uni\u00e3o da Vit\u00f3ria.<\/p>\n\n\n\n<figure class=\"wp-block-image size-full\"><img loading=\"lazy\" decoding=\"async\" width=\"897\" height=\"204\" src=\"https:\/\/radiostudiow.com.br\/site\/wp-content\/uploads\/2024\/04\/image-38.png\" alt=\"\" class=\"wp-image-21308\" srcset=\"https:\/\/radiostudiow.com.br\/site\/wp-content\/uploads\/2024\/04\/image-38.png 897w, https:\/\/radiostudiow.com.br\/site\/wp-content\/uploads\/2024\/04\/image-38-300x68.png 300w, https:\/\/radiostudiow.com.br\/site\/wp-content\/uploads\/2024\/04\/image-38-768x175.png 768w\" sizes=\"auto, (max-width: 897px) 100vw, 897px\" \/><\/figure>\n\n\n\n<p>O crime ocorreu no bairro S\u00e3o Sebasti\u00e3o no Distrito de S\u00e3o Crist\u00f3v\u00e3o durante o fim de tarde desse s\u00e1bado (22).<\/p>\n\n\n\n<p>De acordo com informa\u00e7\u00f5es, a v\u00edtima estava com amigos bebendo socialmente quando em determinado momento um homem foi at\u00e9 os fundos da casa e pegou um machado, atacando a v\u00edtima com um golpe na face.<\/p>\n\n\n\n<figure class=\"wp-block-image size-full\"><img loading=\"lazy\" decoding=\"async\" width=\"300\" height=\"180\" src=\"https:\/\/radiostudiow.com.br\/site\/wp-content\/uploads\/2024\/04\/SITE-PEQUENO-1.png\" alt=\"\" class=\"wp-image-21868\"\/><\/figure>\n\n\n\n<p>Ap\u00f3s o crime, a v\u00edtima foi encaminhada para o hospital e o autor fugiu com uma bicicleta. A Pol\u00edcia realizou buscas a fim de localizar o suspeito, entretanto, ele n\u00e3o foi encontrado.<\/p>\n\n\n\n<p><a href=\"https:\/\/www.facebook.com\/sharer.php?u=https%3A%2F%2Fcanal4.tv.br%2F2024%2F06%2F23%2Fhomem-e-agredido-com-golpe-de-machado-no-bairro-sao-sebastiao-em-uniao-da-vitoria%2F%3Ffbclid%3DIwZXh0bgNhZW0CMTEAAR1N2lRFLx2AZ7eQEAItzwVGrcW09iPW7LL59mrg0do6rZzRonnkMSDHplI_aem_IIus7WmdISib5EaUhDYAgg\" target=\"_blank\" rel=\"noreferrer noopener\"><\/a><\/p>\n\n\n\n<p><a href=\"https:\/\/web.whatsapp.com\/send?text=Homem%20%C3%A9%20agredido%20com%20golpe%20de%20machado%20no%20bairro%20S%C3%A3o%20Sebasti%C3%A3o%20em%20Uni%C3%A3o%20da%20Vit%C3%B3ria%20%E2%98%9B%20https%3A%2F%2Fcanal4.tv.br%2F2024%2F06%2F23%2Fhomem-e-agredido-com-golpe-de-machado-no-bairro-sao-sebastiao-em-uniao-da-vitoria%2F%3Ffbclid%3DIwZXh0bgNhZW0CMTEAAR1N2lRFLx2AZ7eQEAItzwVGrcW09iPW7LL59mrg0do6rZzRonnkMSDHplI_aem_IIus7WmdISib5EaUhDYAgg\" target=\"_blank\" rel=\"noreferrer noopener\"><\/a><\/p>\n\n\n\n<p><a href=\"javascript:void(0);\"><\/a><\/p>\n","protected":false},"excerpt":{"rendered":"<p>Um homem foi encaminhado ao hospital com ferimento grave ap\u00f3s ter sido agredido com um golpe de machado em Uni\u00e3o da Vit\u00f3ria. O crime ocorreu no bairro S\u00e3o Sebasti\u00e3o no Distrito de S\u00e3o Crist\u00f3v\u00e3o durante o fim de tarde desse s\u00e1bado (22). De acordo com informa\u00e7\u00f5es, a v\u00edtima estava com amigos bebendo socialmente quando em [&hellip;]<\/p>\n","protected":false},"author":2,"featured_media":22528,"comment_status":"open","ping_status":"open","sticky":false,"template":"","format":"standard","meta":{"footnotes":""},"categories":[2],"tags":[172],"class_list":["post-23833","post","type-post","status-publish","format-standard","has-post-thumbnail","hentry","category-policial","tag-featured"],"amp_enabled":true,"_links":{"self":[{"href":"https:\/\/radiostudiow.com.br\/site\/wp-json\/wp\/v2\/posts\/23833","targetHints":{"allow":["GET"]}}],"collection":[{"href":"https:\/\/radiostudiow.com.br\/site\/wp-json\/wp\/v2\/posts"}],"about":[{"href":"https:\/\/radiostudiow.com.br\/site\/wp-json\/wp\/v2\/types\/post"}],"author":[{"embeddable":true,"href":"https:\/\/radiostudiow.com.br\/site\/wp-json\/wp\/v2\/users\/2"}],"replies":[{"embeddable":true,"href":"https:\/\/radiostudiow.com.br\/site\/wp-json\/wp\/v2\/comments?post=23833"}],"version-history":[{"count":2,"href":"https:\/\/radiostudiow.com.br\/site\/wp-json\/wp\/v2\/posts\/23833\/revisions"}],"predecessor-version":[{"id":23835,"href":"https:\/\/radiostudiow.com.br\/site\/wp-json\/wp\/v2\/posts\/23833\/revisions\/23835"}],"wp:featuredmedia":[{"embeddable":true,"href":"https:\/\/radiostudiow.com.br\/site\/wp-json\/wp\/v2\/media\/22528"}],"wp:attachment":[{"href":"https:\/\/radiostudiow.com.br\/site\/wp-json\/wp\/v2\/media?parent=23833"}],"wp:term":[{"taxonomy":"category","embeddable":true,"href":"https:\/\/radiostudiow.com.br\/site\/wp-json\/wp\/v2\/categories?post=23833"},{"taxonomy":"post_tag","embeddable":true,"href":"https:\/\/radiostudiow.com.br\/site\/wp-json\/wp\/v2\/tags?post=23833"}],"curies":[{"name":"wp","href":"https:\/\/api.w.org\/{rel}","templated":true}]}}