{"id":23844,"date":"2024-06-25T09:27:19","date_gmt":"2024-06-25T12:27:19","guid":{"rendered":"https:\/\/radiostudiow.com.br\/site\/?p=23844"},"modified":"2025-01-31T14:59:13","modified_gmt":"2025-01-31T17:59:13","slug":"conflito-entre-vizinhas-leva-a-abordagem-intimidatoria-em-lanchonete-no-centro-de-mallet","status":"publish","type":"post","link":"https:\/\/radiostudiow.com.br\/site\/2024\/06\/25\/conflito-entre-vizinhas-leva-a-abordagem-intimidatoria-em-lanchonete-no-centro-de-mallet\/","title":{"rendered":"Conflito entre vizinhas leva a abordagem intimidat\u00f3ria em lanchonete no centro de Mallet"},"content":{"rendered":"\n<p>Uma desaven\u00e7a antiga entre vizinhas, culminou em uma abordagem agressiva e intimidadora na noite deste domingo. O fato ocorreu na \u00e1rea central de Mallet.<\/p>\n\n\n\n<figure class=\"wp-block-image size-full\"><img decoding=\"async\" src=\"https:\/\/radiostudiow.com.br\/site\/wp-content\/uploads\/2024\/04\/SITE-MEDIO.png\" alt=\"\" class=\"wp-image-21854\"\/><\/figure>\n\n\n\n<p>A Pol\u00edcia Militar foi acionada por volta das 22h50 para intervir em uma situa\u00e7\u00e3o envolvendo a filha de uma moradora local e tr\u00eas mulheres, entre elas, a vizinha com quem a solicitante mant\u00e9m uma rela\u00e7\u00e3o conflituosa.<\/p>\n\n\n\n<p>De acordo com o boletim de ocorr\u00eancia, a solicitante informou que a vizinha, acompanhada de duas amigas, cercou sua filha em uma lanchonete situada no centro da cidade. Em um comportamento agressivo, o trio exigia que a jovem chamasse sua m\u00e3e para que pudessem &#8220;acertar as contas&#8221;.<\/p>\n\n\n\n<figure class=\"wp-block-image size-full\"><img decoding=\"async\" src=\"https:\/\/radiostudiow.com.br\/site\/wp-content\/uploads\/2024\/04\/image-47.png\" alt=\"\" class=\"wp-image-21404\"\/><\/figure>\n\n\n\n<p>A a\u00e7\u00e3o intimidat\u00f3ria gerou tens\u00e3o levando a jovem a contatar a m\u00e3e, que imediatamente realizou um Boletim de Ocorr\u00eancia.<\/p>\n\n\n\n<p>A equipe da Pol\u00edcia Militar forneceu orienta\u00e7\u00f5es \u00e0 solicitante sobre os pr\u00f3ximos passos a serem tomados, ressaltando a import\u00e2ncia de registrar formalmente o ocorrido.<\/p>\n","protected":false},"excerpt":{"rendered":"<p>Uma desaven\u00e7a antiga entre vizinhas, culminou em uma abordagem agressiva e intimidadora na noite deste domingo. O fato ocorreu na \u00e1rea central de Mallet. A Pol\u00edcia Militar foi acionada por volta das 22h50 para intervir em uma situa\u00e7\u00e3o envolvendo a filha de uma moradora local e tr\u00eas mulheres, entre elas, a vizinha com quem a [&hellip;]<\/p>\n","protected":false},"author":2,"featured_media":21204,"comment_status":"open","ping_status":"open","sticky":false,"template":"","format":"standard","meta":{"footnotes":""},"categories":[2],"tags":[172],"class_list":["post-23844","post","type-post","status-publish","format-standard","has-post-thumbnail","hentry","category-policial","tag-featured"],"amp_enabled":true,"_links":{"self":[{"href":"https:\/\/radiostudiow.com.br\/site\/wp-json\/wp\/v2\/posts\/23844","targetHints":{"allow":["GET"]}}],"collection":[{"href":"https:\/\/radiostudiow.com.br\/site\/wp-json\/wp\/v2\/posts"}],"about":[{"href":"https:\/\/radiostudiow.com.br\/site\/wp-json\/wp\/v2\/types\/post"}],"author":[{"embeddable":true,"href":"https:\/\/radiostudiow.com.br\/site\/wp-json\/wp\/v2\/users\/2"}],"replies":[{"embeddable":true,"href":"https:\/\/radiostudiow.com.br\/site\/wp-json\/wp\/v2\/comments?post=23844"}],"version-history":[{"count":2,"href":"https:\/\/radiostudiow.com.br\/site\/wp-json\/wp\/v2\/posts\/23844\/revisions"}],"predecessor-version":[{"id":23888,"href":"https:\/\/radiostudiow.com.br\/site\/wp-json\/wp\/v2\/posts\/23844\/revisions\/23888"}],"wp:featuredmedia":[{"embeddable":true,"href":"https:\/\/radiostudiow.com.br\/site\/wp-json\/wp\/v2\/media\/21204"}],"wp:attachment":[{"href":"https:\/\/radiostudiow.com.br\/site\/wp-json\/wp\/v2\/media?parent=23844"}],"wp:term":[{"taxonomy":"category","embeddable":true,"href":"https:\/\/radiostudiow.com.br\/site\/wp-json\/wp\/v2\/categories?post=23844"},{"taxonomy":"post_tag","embeddable":true,"href":"https:\/\/radiostudiow.com.br\/site\/wp-json\/wp\/v2\/tags?post=23844"}],"curies":[{"name":"wp","href":"https:\/\/api.w.org\/{rel}","templated":true}]}}