{"id":23849,"date":"2024-06-24T18:47:31","date_gmt":"2024-06-24T21:47:31","guid":{"rendered":"https:\/\/radiostudiow.com.br\/site\/?p=23849"},"modified":"2025-01-31T14:59:13","modified_gmt":"2025-01-31T17:59:13","slug":"homem-fica-gravemente-ferido-depois-de-ter-sido-espancado-em-bituruna","status":"publish","type":"post","link":"https:\/\/radiostudiow.com.br\/site\/2024\/06\/24\/homem-fica-gravemente-ferido-depois-de-ter-sido-espancado-em-bituruna\/","title":{"rendered":"Homem fica gravemente ferido depois de ter sido espancado em Bituruna"},"content":{"rendered":"\n<p>A equipe m\u00e9dica do Hospital de Bituruna solicitou a presen\u00e7a policial devido a um indiv\u00edduo ter dado entrada na unidade com les\u00f5es graves, caracter\u00edsticas de espancamento por volta das 10 horas desse domingo (23).<\/p>\n\n\n\n<figure class=\"wp-block-image size-full\"><img decoding=\"async\" src=\"https:\/\/radiostudiow.com.br\/site\/wp-content\/uploads\/2024\/04\/SITE-MEDIO.png\" alt=\"\" class=\"wp-image-21854\"\/><\/figure>\n\n\n\n<p>A v\u00edtima, um homem, apresentava v\u00e1rias les\u00f5es na face e no cr\u00e2nio. Apesar de consciente, ele relatou n\u00e3o se lembrar de nada do que ocorreu na noite anterior.<\/p>\n\n\n\n<p>Devido \u00e0 gravidade dos ferimentos, a v\u00edtima foi transferida para o Hospital Regional de Uni\u00e3o da Vit\u00f3ria, para receber tratamento especializado.<\/p>\n\n\n\n<p>A pol\u00edcia est\u00e1 investigando o incidente para determinar as circunst\u00e2ncias e identificar os respons\u00e1veis pelas les\u00f5es.<\/p>\n\n\n\n<figure class=\"wp-block-image size-full\"><img loading=\"lazy\" decoding=\"async\" width=\"300\" height=\"180\" src=\"https:\/\/radiostudiow.com.br\/site\/wp-content\/uploads\/2024\/04\/SITE-PEQUENO-1.png\" alt=\"\" class=\"wp-image-21868\"\/><\/figure>\n\n\n\n<p>Em um v\u00eddeo \u00e9 poss\u00edvel ver a v\u00edtima sendo agredida v\u00e1rias vezes com um peda\u00e7o de madeira ou ferro e segundo testemunhas ele foi atropelado pelo agressor que estava com um carro utilit\u00e1rio de cor preta.<\/p>\n\n\n\n<figure class=\"wp-block-image size-large\"><img loading=\"lazy\" decoding=\"async\" width=\"1024\" height=\"891\" src=\"https:\/\/radiostudiow.com.br\/site\/wp-content\/uploads\/2024\/06\/image-4-1024x891.png\" alt=\"\" class=\"wp-image-23854\" srcset=\"https:\/\/radiostudiow.com.br\/site\/wp-content\/uploads\/2024\/06\/image-4-1024x891.png 1024w, https:\/\/radiostudiow.com.br\/site\/wp-content\/uploads\/2024\/06\/image-4-300x261.png 300w, https:\/\/radiostudiow.com.br\/site\/wp-content\/uploads\/2024\/06\/image-4-768x668.png 768w, https:\/\/radiostudiow.com.br\/site\/wp-content\/uploads\/2024\/06\/image-4.png 1080w\" sizes=\"auto, (max-width: 1024px) 100vw, 1024px\" \/><\/figure>\n","protected":false},"excerpt":{"rendered":"<p>A equipe m\u00e9dica do Hospital de Bituruna solicitou a presen\u00e7a policial devido a um indiv\u00edduo ter dado entrada na unidade com les\u00f5es graves, caracter\u00edsticas de espancamento por volta das 10 horas desse domingo (23). A v\u00edtima, um homem, apresentava v\u00e1rias les\u00f5es na face e no cr\u00e2nio. Apesar de consciente, ele relatou n\u00e3o se lembrar de [&hellip;]<\/p>\n","protected":false},"author":2,"featured_media":22163,"comment_status":"open","ping_status":"open","sticky":false,"template":"","format":"standard","meta":{"footnotes":""},"categories":[2],"tags":[172],"class_list":["post-23849","post","type-post","status-publish","format-standard","has-post-thumbnail","hentry","category-policial","tag-featured"],"amp_enabled":true,"_links":{"self":[{"href":"https:\/\/radiostudiow.com.br\/site\/wp-json\/wp\/v2\/posts\/23849","targetHints":{"allow":["GET"]}}],"collection":[{"href":"https:\/\/radiostudiow.com.br\/site\/wp-json\/wp\/v2\/posts"}],"about":[{"href":"https:\/\/radiostudiow.com.br\/site\/wp-json\/wp\/v2\/types\/post"}],"author":[{"embeddable":true,"href":"https:\/\/radiostudiow.com.br\/site\/wp-json\/wp\/v2\/users\/2"}],"replies":[{"embeddable":true,"href":"https:\/\/radiostudiow.com.br\/site\/wp-json\/wp\/v2\/comments?post=23849"}],"version-history":[{"count":3,"href":"https:\/\/radiostudiow.com.br\/site\/wp-json\/wp\/v2\/posts\/23849\/revisions"}],"predecessor-version":[{"id":23870,"href":"https:\/\/radiostudiow.com.br\/site\/wp-json\/wp\/v2\/posts\/23849\/revisions\/23870"}],"wp:featuredmedia":[{"embeddable":true,"href":"https:\/\/radiostudiow.com.br\/site\/wp-json\/wp\/v2\/media\/22163"}],"wp:attachment":[{"href":"https:\/\/radiostudiow.com.br\/site\/wp-json\/wp\/v2\/media?parent=23849"}],"wp:term":[{"taxonomy":"category","embeddable":true,"href":"https:\/\/radiostudiow.com.br\/site\/wp-json\/wp\/v2\/categories?post=23849"},{"taxonomy":"post_tag","embeddable":true,"href":"https:\/\/radiostudiow.com.br\/site\/wp-json\/wp\/v2\/tags?post=23849"}],"curies":[{"name":"wp","href":"https:\/\/api.w.org\/{rel}","templated":true}]}}