{"id":23851,"date":"2024-06-24T18:55:25","date_gmt":"2024-06-24T21:55:25","guid":{"rendered":"https:\/\/radiostudiow.com.br\/site\/?p=23851"},"modified":"2025-01-31T14:59:13","modified_gmt":"2025-01-31T17:59:13","slug":"motociclista-e-abordado-com-espingarda-em-porto-vitoria","status":"publish","type":"post","link":"https:\/\/radiostudiow.com.br\/site\/2024\/06\/24\/motociclista-e-abordado-com-espingarda-em-porto-vitoria\/","title":{"rendered":"Motociclista \u00e9 abordado com espingarda em Porto Vit\u00f3ria"},"content":{"rendered":"\n<p>Um homem que n\u00e3o teve o nome divulgado foi preso por volta das 22:10 horas desse domingo, 23 de junho, por ap\u00f3s ser abordado com uma espingarda na rodovia PR-446 na cidade de Porto Vit\u00f3ria.<\/p>\n\n\n\n<figure class=\"wp-block-image size-full\"><img loading=\"lazy\" decoding=\"async\" width=\"900\" height=\"408\" src=\"https:\/\/radiostudiow.com.br\/site\/wp-content\/uploads\/2024\/04\/image-21.png\" alt=\"\" class=\"wp-image-21214\" srcset=\"https:\/\/radiostudiow.com.br\/site\/wp-content\/uploads\/2024\/04\/image-21.png 900w, https:\/\/radiostudiow.com.br\/site\/wp-content\/uploads\/2024\/04\/image-21-300x136.png 300w, https:\/\/radiostudiow.com.br\/site\/wp-content\/uploads\/2024\/04\/image-21-768x348.png 768w\" sizes=\"auto, (max-width: 900px) 100vw, 900px\" \/><\/figure>\n\n\n\n<p>Segundo informa\u00e7\u00f5es, a Pol\u00edcia Militar foi mobilizada para prestar apoio ao Instituto \u00c1gua e Terra \u2013 IAT em um bloqueio vi\u00e1rio e durante a a\u00e7\u00e3o foi abordado o homem que estava em uma motocicleta.<\/p>\n\n\n\n<p>O homem portava uma espingarda calibre .20 al\u00e9m de quatro muni\u00e7\u00f5es intactas. Ele recebeu voz de pris\u00e3o e foi conduzido at\u00e9 a delegacia de Uni\u00e3o da Vit\u00f3ria para que fossem adotadas as medidas cab\u00edveis.<a href=\"javascript:void(0);\"><\/a><\/p>\n","protected":false},"excerpt":{"rendered":"<p>Um homem que n\u00e3o teve o nome divulgado foi preso por volta das 22:10 horas desse domingo, 23 de junho, por ap\u00f3s ser abordado com uma espingarda na rodovia PR-446 na cidade de Porto Vit\u00f3ria. Segundo informa\u00e7\u00f5es, a Pol\u00edcia Militar foi mobilizada para prestar apoio ao Instituto \u00c1gua e Terra \u2013 IAT em um bloqueio [&hellip;]<\/p>\n","protected":false},"author":2,"featured_media":23852,"comment_status":"open","ping_status":"open","sticky":false,"template":"","format":"standard","meta":{"footnotes":""},"categories":[2],"tags":[172],"class_list":["post-23851","post","type-post","status-publish","format-standard","has-post-thumbnail","hentry","category-policial","tag-featured"],"amp_enabled":true,"_links":{"self":[{"href":"https:\/\/radiostudiow.com.br\/site\/wp-json\/wp\/v2\/posts\/23851","targetHints":{"allow":["GET"]}}],"collection":[{"href":"https:\/\/radiostudiow.com.br\/site\/wp-json\/wp\/v2\/posts"}],"about":[{"href":"https:\/\/radiostudiow.com.br\/site\/wp-json\/wp\/v2\/types\/post"}],"author":[{"embeddable":true,"href":"https:\/\/radiostudiow.com.br\/site\/wp-json\/wp\/v2\/users\/2"}],"replies":[{"embeddable":true,"href":"https:\/\/radiostudiow.com.br\/site\/wp-json\/wp\/v2\/comments?post=23851"}],"version-history":[{"count":2,"href":"https:\/\/radiostudiow.com.br\/site\/wp-json\/wp\/v2\/posts\/23851\/revisions"}],"predecessor-version":[{"id":23873,"href":"https:\/\/radiostudiow.com.br\/site\/wp-json\/wp\/v2\/posts\/23851\/revisions\/23873"}],"wp:featuredmedia":[{"embeddable":true,"href":"https:\/\/radiostudiow.com.br\/site\/wp-json\/wp\/v2\/media\/23852"}],"wp:attachment":[{"href":"https:\/\/radiostudiow.com.br\/site\/wp-json\/wp\/v2\/media?parent=23851"}],"wp:term":[{"taxonomy":"category","embeddable":true,"href":"https:\/\/radiostudiow.com.br\/site\/wp-json\/wp\/v2\/categories?post=23851"},{"taxonomy":"post_tag","embeddable":true,"href":"https:\/\/radiostudiow.com.br\/site\/wp-json\/wp\/v2\/tags?post=23851"}],"curies":[{"name":"wp","href":"https:\/\/api.w.org\/{rel}","templated":true}]}}